{"id":2988,"date":"2024-09-27T14:46:20","date_gmt":"2024-09-27T14:46:20","guid":{"rendered":"https:\/\/pos-graduacao.uepb.edu.br\/ppgss\/?p=2988"},"modified":"2024-09-27T14:46:20","modified_gmt":"2024-09-27T14:46:20","slug":"110a-sessao-publica-de-defesa-de-dissertacao-de-mestrado","status":"publish","type":"post","link":"https:\/\/pos-graduacao.uepb.edu.br\/ppgss\/110a-sessao-publica-de-defesa-de-dissertacao-de-mestrado\/","title":{"rendered":"110\u00aa sess\u00e3o p\u00fablica de defesa de Disserta\u00e7\u00e3o de Mestrado"},"content":{"rendered":"<p>O Programa de P\u00f3s-Gradua\u00e7\u00e3o em Servi\u00e7o Social convida a comunidade acad\u00eamica para a Defesa P\u00fablica de Disserta\u00e7\u00e3o de Mestrado da discente <strong>Rita de C\u00e1ssia Larena Brand\u00e3o\u00a0<\/strong>que acontecer\u00e1 no dia<strong> 30 de setembro<\/strong>,\u00a0a partir das <strong>14h00<\/strong>, na Sala <strong>352 (GETRAPS)<\/strong> da Central Acad\u00eamica Paulo Freire.<\/p>\n<p><a href=\"https:\/\/pos-graduacao.uepb.edu.br\/ppgss\/files\/2024\/09\/CONVITE-Rita.png\"><img loading=\"lazy\" decoding=\"async\" class=\"alignleft  wp-image-2989 img-responsive\" src=\"https:\/\/pos-graduacao.uepb.edu.br\/ppgss\/files\/2024\/09\/CONVITE-Rita.png\" alt=\"\" width=\"1072\" height=\"828\" srcset=\"https:\/\/pos-graduacao.uepb.edu.br\/ppgss\/files\/2024\/09\/CONVITE-Rita.png 2000w, https:\/\/pos-graduacao.uepb.edu.br\/ppgss\/files\/2024\/09\/CONVITE-Rita-300x232.png 300w, https:\/\/pos-graduacao.uepb.edu.br\/ppgss\/files\/2024\/09\/CONVITE-Rita-1536x1187.png 1536w, https:\/\/pos-graduacao.uepb.edu.br\/ppgss\/files\/2024\/09\/CONVITE-Rita-1030x796.png 1030w\" sizes=\"auto, (max-width: 1072px) 100vw, 1072px\" \/><\/a><\/p>\n<p>&nbsp;<\/p>\n","protected":false},"excerpt":{"rendered":"<p>O Programa de P\u00f3s-Gradua\u00e7\u00e3o em Servi\u00e7o Social convida a comunidade acad\u00eamica para a Defesa P\u00fablica de Disserta\u00e7\u00e3o de Mestrado da discente Rita de C\u00e1ssia Larena Brand\u00e3o\u00a0que acontecer\u00e1 no dia 30 de setembro,\u00a0a partir das 14h00, na Sala 352 (GETRAPS) da Central Acad\u00eamica Paulo Freire. &nbsp;<\/p>\n","protected":false},"author":60,"featured_media":0,"comment_status":"open","ping_status":"open","sticky":false,"template":"","format":"standard","meta":{"footnotes":""},"categories":[5,13],"tags":[],"class_list":["post-2988","post","type-post","status-publish","format-standard","hentry","category-noticias","category-noticias-destaque"],"_links":{"self":[{"href":"https:\/\/pos-graduacao.uepb.edu.br\/ppgss\/wp-json\/wp\/v2\/posts\/2988","targetHints":{"allow":["GET"]}}],"collection":[{"href":"https:\/\/pos-graduacao.uepb.edu.br\/ppgss\/wp-json\/wp\/v2\/posts"}],"about":[{"href":"https:\/\/pos-graduacao.uepb.edu.br\/ppgss\/wp-json\/wp\/v2\/types\/post"}],"author":[{"embeddable":true,"href":"https:\/\/pos-graduacao.uepb.edu.br\/ppgss\/wp-json\/wp\/v2\/users\/60"}],"replies":[{"embeddable":true,"href":"https:\/\/pos-graduacao.uepb.edu.br\/ppgss\/wp-json\/wp\/v2\/comments?post=2988"}],"version-history":[{"count":1,"href":"https:\/\/pos-graduacao.uepb.edu.br\/ppgss\/wp-json\/wp\/v2\/posts\/2988\/revisions"}],"predecessor-version":[{"id":2990,"href":"https:\/\/pos-graduacao.uepb.edu.br\/ppgss\/wp-json\/wp\/v2\/posts\/2988\/revisions\/2990"}],"wp:attachment":[{"href":"https:\/\/pos-graduacao.uepb.edu.br\/ppgss\/wp-json\/wp\/v2\/media?parent=2988"}],"wp:term":[{"taxonomy":"category","embeddable":true,"href":"https:\/\/pos-graduacao.uepb.edu.br\/ppgss\/wp-json\/wp\/v2\/categories?post=2988"},{"taxonomy":"post_tag","embeddable":true,"href":"https:\/\/pos-graduacao.uepb.edu.br\/ppgss\/wp-json\/wp\/v2\/tags?post=2988"}],"curies":[{"name":"wp","href":"https:\/\/api.w.org\/{rel}","templated":true}]}}