{"id":2984,"date":"2024-09-25T13:34:08","date_gmt":"2024-09-25T13:34:08","guid":{"rendered":"https:\/\/pos-graduacao.uepb.edu.br\/ppgss\/?p=2984"},"modified":"2024-09-25T13:34:08","modified_gmt":"2024-09-25T13:34:08","slug":"109a-sessao-publica-de-defesa-de-dissertacao-de-mestrado","status":"publish","type":"post","link":"https:\/\/pos-graduacao.uepb.edu.br\/ppgss\/109a-sessao-publica-de-defesa-de-dissertacao-de-mestrado\/","title":{"rendered":"109\u00aa sess\u00e3o p\u00fablica de defesa de Disserta\u00e7\u00e3o de Mestrado"},"content":{"rendered":"<p>O Programa de P\u00f3s-Gradua\u00e7\u00e3o em Servi\u00e7o Social convida a comunidade acad\u00eamica para a Defesa P\u00fablica de Disserta\u00e7\u00e3o de Mestrado da discente <strong>Iara Maysa Gon\u00e7alves de Brito <\/strong>que acontecer\u00e1 no dia<strong> 26 de setembro<\/strong>,\u00a0a partir das <strong>14h30<\/strong>, na Sala <strong>339 (GEAPS)<\/strong> da Central Acad\u00eamica Paulo Freire.<\/p>\n<p><a href=\"https:\/\/pos-graduacao.uepb.edu.br\/ppgss\/files\/2024\/09\/CONVITE-iARA.png\"><img loading=\"lazy\" decoding=\"async\" class=\"alignleft  wp-image-2985 img-responsive\" src=\"https:\/\/pos-graduacao.uepb.edu.br\/ppgss\/files\/2024\/09\/CONVITE-iARA.png\" alt=\"\" width=\"1023\" height=\"791\" srcset=\"https:\/\/pos-graduacao.uepb.edu.br\/ppgss\/files\/2024\/09\/CONVITE-iARA.png 2000w, https:\/\/pos-graduacao.uepb.edu.br\/ppgss\/files\/2024\/09\/CONVITE-iARA-300x232.png 300w, https:\/\/pos-graduacao.uepb.edu.br\/ppgss\/files\/2024\/09\/CONVITE-iARA-1536x1187.png 1536w, https:\/\/pos-graduacao.uepb.edu.br\/ppgss\/files\/2024\/09\/CONVITE-iARA-1030x796.png 1030w\" sizes=\"auto, (max-width: 1023px) 100vw, 1023px\" \/><\/a><\/p>\n","protected":false},"excerpt":{"rendered":"<p>O Programa de P\u00f3s-Gradua\u00e7\u00e3o em Servi\u00e7o Social convida a comunidade acad\u00eamica para a Defesa P\u00fablica de Disserta\u00e7\u00e3o de Mestrado da discente Iara Maysa Gon\u00e7alves de Brito que acontecer\u00e1 no dia 26 de setembro,\u00a0a partir das 14h30, na Sala 339 (GEAPS) da Central Acad\u00eamica Paulo Freire.<\/p>\n","protected":false},"author":60,"featured_media":0,"comment_status":"open","ping_status":"open","sticky":false,"template":"","format":"standard","meta":{"footnotes":""},"categories":[5,13],"tags":[],"class_list":["post-2984","post","type-post","status-publish","format-standard","hentry","category-noticias","category-noticias-destaque"],"_links":{"self":[{"href":"https:\/\/pos-graduacao.uepb.edu.br\/ppgss\/wp-json\/wp\/v2\/posts\/2984","targetHints":{"allow":["GET"]}}],"collection":[{"href":"https:\/\/pos-graduacao.uepb.edu.br\/ppgss\/wp-json\/wp\/v2\/posts"}],"about":[{"href":"https:\/\/pos-graduacao.uepb.edu.br\/ppgss\/wp-json\/wp\/v2\/types\/post"}],"author":[{"embeddable":true,"href":"https:\/\/pos-graduacao.uepb.edu.br\/ppgss\/wp-json\/wp\/v2\/users\/60"}],"replies":[{"embeddable":true,"href":"https:\/\/pos-graduacao.uepb.edu.br\/ppgss\/wp-json\/wp\/v2\/comments?post=2984"}],"version-history":[{"count":1,"href":"https:\/\/pos-graduacao.uepb.edu.br\/ppgss\/wp-json\/wp\/v2\/posts\/2984\/revisions"}],"predecessor-version":[{"id":2986,"href":"https:\/\/pos-graduacao.uepb.edu.br\/ppgss\/wp-json\/wp\/v2\/posts\/2984\/revisions\/2986"}],"wp:attachment":[{"href":"https:\/\/pos-graduacao.uepb.edu.br\/ppgss\/wp-json\/wp\/v2\/media?parent=2984"}],"wp:term":[{"taxonomy":"category","embeddable":true,"href":"https:\/\/pos-graduacao.uepb.edu.br\/ppgss\/wp-json\/wp\/v2\/categories?post=2984"},{"taxonomy":"post_tag","embeddable":true,"href":"https:\/\/pos-graduacao.uepb.edu.br\/ppgss\/wp-json\/wp\/v2\/tags?post=2984"}],"curies":[{"name":"wp","href":"https:\/\/api.w.org\/{rel}","templated":true}]}}