{"id":2969,"date":"2024-08-29T15:15:31","date_gmt":"2024-08-29T15:15:31","guid":{"rendered":"https:\/\/pos-graduacao.uepb.edu.br\/ppgss\/?p=2969"},"modified":"2024-08-29T13:18:29","modified_gmt":"2024-08-29T13:18:29","slug":"108a-sessao-publica-de-defesa-de-dissertacao-de-mestrado","status":"publish","type":"post","link":"https:\/\/pos-graduacao.uepb.edu.br\/ppgss\/108a-sessao-publica-de-defesa-de-dissertacao-de-mestrado\/","title":{"rendered":"108\u00aa sess\u00e3o p\u00fablica de defesa de Disserta\u00e7\u00e3o de Mestrado"},"content":{"rendered":"<p>O Programa de P\u00f3s-Gradua\u00e7\u00e3o em Servi\u00e7o Social convida a comunidade acad\u00eamica para a Defesa P\u00fablica de Disserta\u00e7\u00e3o de Mestrado da discente\u00a0<b>Yane Carla Silva dos Santos\u00a0<\/b>que acontecer\u00e1 no dia <b>30<\/b><b>\u00a0de agosto<\/b>,\u00a0a partir das<b> 14h30,<\/b> na<b>\u00a0<\/b>Plataforma\u00a0<i>Google Meet<\/i><b>,\u00a0<\/b>atrav\u00e9s do link: <a href=\"https:\/\/meet.google.com\/gun-gthf-eci\" target=\"_blank\" rel=\"noopener\" data-saferedirecturl=\"https:\/\/www.google.com\/url?q=https:\/\/meet.google.com\/gun-gthf-eci&amp;source=gmail&amp;ust=1725023714142000&amp;usg=AOvVaw3psU8vLO6V3-ZCyK9SUe-K\">https:\/\/meet.google.com\/gun-gthf-eci<\/a><\/p>\n<p><a href=\"https:\/\/pos-graduacao.uepb.edu.br\/ppgss\/files\/2024\/08\/CONVITE-Yane.png\"><img loading=\"lazy\" decoding=\"async\" class=\"alignleft  wp-image-2970 img-responsive\" src=\"https:\/\/pos-graduacao.uepb.edu.br\/ppgss\/files\/2024\/08\/CONVITE-Yane.png\" alt=\"\" width=\"1057\" height=\"817\" srcset=\"https:\/\/pos-graduacao.uepb.edu.br\/ppgss\/files\/2024\/08\/CONVITE-Yane.png 2000w, https:\/\/pos-graduacao.uepb.edu.br\/ppgss\/files\/2024\/08\/CONVITE-Yane-300x232.png 300w, https:\/\/pos-graduacao.uepb.edu.br\/ppgss\/files\/2024\/08\/CONVITE-Yane-1536x1187.png 1536w, https:\/\/pos-graduacao.uepb.edu.br\/ppgss\/files\/2024\/08\/CONVITE-Yane-1030x796.png 1030w\" sizes=\"auto, (max-width: 1057px) 100vw, 1057px\" \/><\/a><\/p>\n","protected":false},"excerpt":{"rendered":"<p>O Programa de P\u00f3s-Gradua\u00e7\u00e3o em Servi\u00e7o Social convida a comunidade acad\u00eamica para a Defesa P\u00fablica de Disserta\u00e7\u00e3o de Mestrado da discente\u00a0Yane Carla Silva dos Santos\u00a0que acontecer\u00e1 no dia 30\u00a0de agosto,\u00a0a partir das 14h30, na\u00a0Plataforma\u00a0Google Meet,\u00a0atrav\u00e9s do link: https:\/\/meet.google.com\/gun-gthf-eci<\/p>\n","protected":false},"author":60,"featured_media":0,"comment_status":"open","ping_status":"open","sticky":false,"template":"","format":"standard","meta":{"footnotes":""},"categories":[5,13],"tags":[],"class_list":["post-2969","post","type-post","status-publish","format-standard","hentry","category-noticias","category-noticias-destaque"],"_links":{"self":[{"href":"https:\/\/pos-graduacao.uepb.edu.br\/ppgss\/wp-json\/wp\/v2\/posts\/2969","targetHints":{"allow":["GET"]}}],"collection":[{"href":"https:\/\/pos-graduacao.uepb.edu.br\/ppgss\/wp-json\/wp\/v2\/posts"}],"about":[{"href":"https:\/\/pos-graduacao.uepb.edu.br\/ppgss\/wp-json\/wp\/v2\/types\/post"}],"author":[{"embeddable":true,"href":"https:\/\/pos-graduacao.uepb.edu.br\/ppgss\/wp-json\/wp\/v2\/users\/60"}],"replies":[{"embeddable":true,"href":"https:\/\/pos-graduacao.uepb.edu.br\/ppgss\/wp-json\/wp\/v2\/comments?post=2969"}],"version-history":[{"count":1,"href":"https:\/\/pos-graduacao.uepb.edu.br\/ppgss\/wp-json\/wp\/v2\/posts\/2969\/revisions"}],"predecessor-version":[{"id":2971,"href":"https:\/\/pos-graduacao.uepb.edu.br\/ppgss\/wp-json\/wp\/v2\/posts\/2969\/revisions\/2971"}],"wp:attachment":[{"href":"https:\/\/pos-graduacao.uepb.edu.br\/ppgss\/wp-json\/wp\/v2\/media?parent=2969"}],"wp:term":[{"taxonomy":"category","embeddable":true,"href":"https:\/\/pos-graduacao.uepb.edu.br\/ppgss\/wp-json\/wp\/v2\/categories?post=2969"},{"taxonomy":"post_tag","embeddable":true,"href":"https:\/\/pos-graduacao.uepb.edu.br\/ppgss\/wp-json\/wp\/v2\/tags?post=2969"}],"curies":[{"name":"wp","href":"https:\/\/api.w.org\/{rel}","templated":true}]}}