{"id":2966,"date":"2024-08-29T13:10:22","date_gmt":"2024-08-29T13:10:22","guid":{"rendered":"https:\/\/pos-graduacao.uepb.edu.br\/ppgss\/?p=2966"},"modified":"2024-08-29T13:10:22","modified_gmt":"2024-08-29T13:10:22","slug":"107a-sessao-publica-de-defesa-de-dissertacao-de-mestrado","status":"publish","type":"post","link":"https:\/\/pos-graduacao.uepb.edu.br\/ppgss\/107a-sessao-publica-de-defesa-de-dissertacao-de-mestrado\/","title":{"rendered":"107\u00aa sess\u00e3o p\u00fablica de defesa de Disserta\u00e7\u00e3o de Mestrado"},"content":{"rendered":"<p>O Programa de P\u00f3s-Gradua\u00e7\u00e3o em Servi\u00e7o Social convida a comunidade acad\u00eamica para a Defesa P\u00fablica de Disserta\u00e7\u00e3o de Mestrado da discente \u00a0<b>B\u00e1rbara Sabrina Pereira dos Santos Mendon\u00e7a\u00a0<\/b>que acontecer\u00e1 no dia <b>30<\/b><b>\u00a0de agosto<\/b>,\u00a0a partir das<b> 14h30,\u00a0<\/b>na<b>\u00a0<\/b>Plataforma\u00a0<i>Google Meet<\/i><b>\u00a0<\/b>atrav\u00e9s do link: <a href=\"https:\/\/meet.google.com\/zrb-zfzj-cog\">https:\/\/meet.google.com\/zrb-zfzj-cog<\/a><\/p>\n<p><a href=\"https:\/\/pos-graduacao.uepb.edu.br\/ppgss\/files\/2024\/08\/CONVITE-Barbara-Sabrina.png\"><img loading=\"lazy\" decoding=\"async\" class=\"alignleft  wp-image-2967 img-responsive\" src=\"https:\/\/pos-graduacao.uepb.edu.br\/ppgss\/files\/2024\/08\/CONVITE-Barbara-Sabrina.png\" alt=\"\" width=\"1069\" height=\"826\" srcset=\"https:\/\/pos-graduacao.uepb.edu.br\/ppgss\/files\/2024\/08\/CONVITE-Barbara-Sabrina.png 2000w, https:\/\/pos-graduacao.uepb.edu.br\/ppgss\/files\/2024\/08\/CONVITE-Barbara-Sabrina-300x232.png 300w, https:\/\/pos-graduacao.uepb.edu.br\/ppgss\/files\/2024\/08\/CONVITE-Barbara-Sabrina-1536x1187.png 1536w, https:\/\/pos-graduacao.uepb.edu.br\/ppgss\/files\/2024\/08\/CONVITE-Barbara-Sabrina-1030x796.png 1030w\" sizes=\"auto, (max-width: 1069px) 100vw, 1069px\" \/><\/a><\/p>\n","protected":false},"excerpt":{"rendered":"<p>O Programa de P\u00f3s-Gradua\u00e7\u00e3o em Servi\u00e7o Social convida a comunidade acad\u00eamica para a Defesa P\u00fablica de Disserta\u00e7\u00e3o de Mestrado da discente \u00a0B\u00e1rbara Sabrina Pereira dos Santos Mendon\u00e7a\u00a0que acontecer\u00e1 no dia 30\u00a0de agosto,\u00a0a partir das 14h30,\u00a0na\u00a0Plataforma\u00a0Google Meet\u00a0atrav\u00e9s do link: https:\/\/meet.google.com\/zrb-zfzj-cog<\/p>\n","protected":false},"author":60,"featured_media":0,"comment_status":"open","ping_status":"open","sticky":false,"template":"","format":"standard","meta":{"footnotes":""},"categories":[5,13],"tags":[],"class_list":["post-2966","post","type-post","status-publish","format-standard","hentry","category-noticias","category-noticias-destaque"],"_links":{"self":[{"href":"https:\/\/pos-graduacao.uepb.edu.br\/ppgss\/wp-json\/wp\/v2\/posts\/2966","targetHints":{"allow":["GET"]}}],"collection":[{"href":"https:\/\/pos-graduacao.uepb.edu.br\/ppgss\/wp-json\/wp\/v2\/posts"}],"about":[{"href":"https:\/\/pos-graduacao.uepb.edu.br\/ppgss\/wp-json\/wp\/v2\/types\/post"}],"author":[{"embeddable":true,"href":"https:\/\/pos-graduacao.uepb.edu.br\/ppgss\/wp-json\/wp\/v2\/users\/60"}],"replies":[{"embeddable":true,"href":"https:\/\/pos-graduacao.uepb.edu.br\/ppgss\/wp-json\/wp\/v2\/comments?post=2966"}],"version-history":[{"count":1,"href":"https:\/\/pos-graduacao.uepb.edu.br\/ppgss\/wp-json\/wp\/v2\/posts\/2966\/revisions"}],"predecessor-version":[{"id":2968,"href":"https:\/\/pos-graduacao.uepb.edu.br\/ppgss\/wp-json\/wp\/v2\/posts\/2966\/revisions\/2968"}],"wp:attachment":[{"href":"https:\/\/pos-graduacao.uepb.edu.br\/ppgss\/wp-json\/wp\/v2\/media?parent=2966"}],"wp:term":[{"taxonomy":"category","embeddable":true,"href":"https:\/\/pos-graduacao.uepb.edu.br\/ppgss\/wp-json\/wp\/v2\/categories?post=2966"},{"taxonomy":"post_tag","embeddable":true,"href":"https:\/\/pos-graduacao.uepb.edu.br\/ppgss\/wp-json\/wp\/v2\/tags?post=2966"}],"curies":[{"name":"wp","href":"https:\/\/api.w.org\/{rel}","templated":true}]}}