{"id":296,"date":"2013-11-12T18:22:33","date_gmt":"2013-11-12T18:22:33","guid":{"rendered":"\/ppgss\/?p=296"},"modified":"2014-04-29T18:14:08","modified_gmt":"2014-04-29T18:14:08","slug":"palestra-com-o-profo-dro-henrique-wellen-da-ufrj-no-dia-22-de-novembro-sexta-feira-as-14-h-na-sala-234-2o-andar-da-central-de-aulas-da-uepb","status":"publish","type":"post","link":"https:\/\/pos-graduacao.uepb.edu.br\/ppgss\/palestra-com-o-profo-dro-henrique-wellen-da-ufrj-no-dia-22-de-novembro-sexta-feira-as-14-h-na-sala-234-2o-andar-da-central-de-aulas-da-uepb\/","title":{"rendered":"Palestra com o Prof\u00ba  Dr\u00ba Henrique Wellen da UFRJ, no dia 22 de novembro (Sexta feira), as 14 h, na sala 234, 2\u00ba andar da Central de Aulas da UEPB."},"content":{"rendered":"<p><!--[if gte mso 9]&gt;--><\/p>\n<p>&nbsp;<\/p>\n<p><a href=\"http:\/\/pos-graduacao.ascom.uepb.edu.br\/ppgss\/files\/2013\/11\/Palestra-Cr\u00edtica-da-economia-solid\u00e1ria-.jpg\"><img loading=\"lazy\" decoding=\"async\" class=\"aligncenter size-medium wp-image-297 img-responsive\" alt=\"Palestra Cr\u00edtica da economia solid\u00e1ria\" src=\"http:\/\/pos-graduacao.ascom.uepb.edu.br\/ppgss\/files\/2013\/11\/Palestra-Cr\u00edtica-da-economia-solid\u00e1ria--300x225.jpg\" width=\"300\" height=\"225\" srcset=\"https:\/\/pos-graduacao.uepb.edu.br\/ppgss\/files\/2013\/11\/Palestra-Cr\u00edtica-da-economia-solid\u00e1ria--300x225.jpg 300w, https:\/\/pos-graduacao.uepb.edu.br\/ppgss\/files\/2013\/11\/Palestra-Cr\u00edtica-da-economia-solid\u00e1ria-.jpg 960w\" sizes=\"auto, (max-width: 300px) 100vw, 300px\" \/><\/a><\/p>\n<p class=\"MsoNormal\" style=\"margin-bottom: .0001pt;line-height: normal\"><span style=\"font-size: 10.0pt;font-family: 'Courier New'\">\u00a0\u00a0\u00a0\u00a0\u00a0\u00a0\u00a0 Aproveitando a vinda do Prof\u00ba Dr\u00ba Henrique Wellen da UFRJ, que acabou de lan\u00e7ar o livro Para a cr\u00edtica da Economia Solid\u00e1ria, a Coordena\u00e7\u00e3o do Programa de P\u00f3s-Gradua\u00e7\u00e3o em Servi\u00e7o Social promover\u00e1 uma palestra com o professor, com o mesmo t\u00edtulo, no dia 22 de novembro (Sexta feira), as 14 h, na sala 234, 2\u00ba andar da Central de Aulas da UEPB.<\/span><\/p>\n<p class=\"MsoNormal\" style=\"margin-bottom: .0001pt;line-height: normal\"><span style=\"font-size: 10.0pt;font-family: 'Courier New'\"><span>\u00a0\u00a0\u00a0\u00a0\u00a0\u00a0\u00a0 <\/span>Na oportunidade, estamos convidando professores e alunos da P\u00f3s-Gradua\u00e7\u00e3o para participar da referida atividade.<\/span><\/p>\n<p class=\"MsoNormal\" style=\"margin-bottom: .0001pt;line-height: normal\"><span style=\"font-size: 10.0pt;font-family: 'Courier New'\">Atenciosamente,<\/span><\/p>\n<p class=\"MsoNormal\" style=\"margin-bottom: .0001pt;line-height: normal\"><span style=\"font-size: 10.0pt;font-family: 'Courier New'\">Prof\u00aa Jordeana Davi<\/span><\/p>\n<p class=\"MsoNormal\" style=\"margin-bottom: .0001pt;line-height: normal\"><span style=\"font-size: 10.0pt;font-family: 'Courier New'\">Coordenadora do Programa de P\u00f3s-Gradua\u00e7\u00e3o em Servi\u00e7o Social UEPB<\/span><\/p>\n","protected":false},"excerpt":{"rendered":"<p>&nbsp; \u00a0\u00a0\u00a0\u00a0\u00a0\u00a0\u00a0 Aproveitando a vinda do Prof\u00ba Dr\u00ba Henrique Wellen da UFRJ, que acabou de lan\u00e7ar o livro Para a cr\u00edtica da Economia Solid\u00e1ria, a Coordena\u00e7\u00e3o do Programa de P\u00f3s-Gradua\u00e7\u00e3o em Servi\u00e7o Social promover\u00e1 uma palestra com o professor, com o mesmo t\u00edtulo, no dia 22 de novembro (Sexta feira), as 14 h, na sala <a class=\"leiamais\" href=\"https:\/\/pos-graduacao.uepb.edu.br\/ppgss\/palestra-com-o-profo-dro-henrique-wellen-da-ufrj-no-dia-22-de-novembro-sexta-feira-as-14-h-na-sala-234-2o-andar-da-central-de-aulas-da-uepb\/\">Leia Mais&#8230;<\/a><\/p>\n","protected":false},"author":22,"featured_media":0,"comment_status":"open","ping_status":"open","sticky":false,"template":"","format":"standard","meta":{"footnotes":""},"categories":[6],"tags":[],"class_list":["post-296","post","type-post","status-publish","format-standard","hentry","category-eventos"],"_links":{"self":[{"href":"https:\/\/pos-graduacao.uepb.edu.br\/ppgss\/wp-json\/wp\/v2\/posts\/296","targetHints":{"allow":["GET"]}}],"collection":[{"href":"https:\/\/pos-graduacao.uepb.edu.br\/ppgss\/wp-json\/wp\/v2\/posts"}],"about":[{"href":"https:\/\/pos-graduacao.uepb.edu.br\/ppgss\/wp-json\/wp\/v2\/types\/post"}],"author":[{"embeddable":true,"href":"https:\/\/pos-graduacao.uepb.edu.br\/ppgss\/wp-json\/wp\/v2\/users\/22"}],"replies":[{"embeddable":true,"href":"https:\/\/pos-graduacao.uepb.edu.br\/ppgss\/wp-json\/wp\/v2\/comments?post=296"}],"version-history":[{"count":4,"href":"https:\/\/pos-graduacao.uepb.edu.br\/ppgss\/wp-json\/wp\/v2\/posts\/296\/revisions"}],"predecessor-version":[{"id":338,"href":"https:\/\/pos-graduacao.uepb.edu.br\/ppgss\/wp-json\/wp\/v2\/posts\/296\/revisions\/338"}],"wp:attachment":[{"href":"https:\/\/pos-graduacao.uepb.edu.br\/ppgss\/wp-json\/wp\/v2\/media?parent=296"}],"wp:term":[{"taxonomy":"category","embeddable":true,"href":"https:\/\/pos-graduacao.uepb.edu.br\/ppgss\/wp-json\/wp\/v2\/categories?post=296"},{"taxonomy":"post_tag","embeddable":true,"href":"https:\/\/pos-graduacao.uepb.edu.br\/ppgss\/wp-json\/wp\/v2\/tags?post=296"}],"curies":[{"name":"wp","href":"https:\/\/api.w.org\/{rel}","templated":true}]}}