{"id":291,"date":"2013-11-12T13:53:26","date_gmt":"2013-11-12T13:53:26","guid":{"rendered":"\/ppgss\/?p=291"},"modified":"2013-11-12T13:58:54","modified_gmt":"2013-11-12T13:58:54","slug":"mini-curso-seminario-de-teorias-feministas-a-ser-ministrado-pela-profa-dra-alinne-bonetti","status":"publish","type":"post","link":"https:\/\/pos-graduacao.uepb.edu.br\/ppgss\/mini-curso-seminario-de-teorias-feministas-a-ser-ministrado-pela-profa-dra-alinne-bonetti\/","title":{"rendered":"Mini-Curso &#8221; Semin\u00e1rio de Teorias Feministas&#8221; a ser ministrado pela Prof\u00aa Dr\u00aa Alinne Bonetti"},"content":{"rendered":"<p><!--[if gte mso 9]&gt;--><\/p>\n<p>&nbsp;<\/p>\n<p class=\"MsoNormal\">A Coordena\u00e7\u00e3o do Programa de P\u00f3s-Gradua\u00e7\u00e3o em Servi\u00e7o Social promover\u00e1 um <b>Mini-curso<\/b> \u2018Semin\u00e1rio de Teorias Feministas\u2019 a ser ministrado pela Prof\u00aa Dr\u00aa Alinne Bonetti (Programa de P\u00f3s-Gradua\u00e7\u00e3o em Estudos de G\u00eanero, Mulheres e Feminismos\/UFBA) nos dias 25 e 26 de novembro de 2013, nos turnos manh\u00e3 e tarde, na sala 234 da Central de Integra\u00e7\u00e3o Acad\u00eamica\/UEPB. N\u00ba de vagas ofertadas: 25.<\/p>\n<p class=\"MsoNormal\"><span style=\"color: #747474;font-family: Arial, sans-serif;font-size: 16px;font-style: normal;font-variant: normal;font-weight: normal;letter-spacing: normal;line-height: normal;text-align: start;text-indent: 0px;float: none\">\u00a0<\/span><\/p>\n","protected":false},"excerpt":{"rendered":"<p>&nbsp; A Coordena\u00e7\u00e3o do Programa de P\u00f3s-Gradua\u00e7\u00e3o em Servi\u00e7o Social promover\u00e1 um Mini-curso \u2018Semin\u00e1rio de Teorias Feministas\u2019 a ser ministrado pela Prof\u00aa Dr\u00aa Alinne Bonetti (Programa de P\u00f3s-Gradua\u00e7\u00e3o em Estudos de G\u00eanero, Mulheres e Feminismos\/UFBA) nos dias 25 e 26 de novembro de 2013, nos turnos manh\u00e3 e tarde, na sala 234 da Central de <a class=\"leiamais\" href=\"https:\/\/pos-graduacao.uepb.edu.br\/ppgss\/mini-curso-seminario-de-teorias-feministas-a-ser-ministrado-pela-profa-dra-alinne-bonetti\/\">Leia Mais&#8230;<\/a><\/p>\n","protected":false},"author":22,"featured_media":0,"comment_status":"open","ping_status":"open","sticky":false,"template":"","format":"standard","meta":{"footnotes":""},"categories":[6],"tags":[],"class_list":["post-291","post","type-post","status-publish","format-standard","hentry","category-eventos"],"_links":{"self":[{"href":"https:\/\/pos-graduacao.uepb.edu.br\/ppgss\/wp-json\/wp\/v2\/posts\/291","targetHints":{"allow":["GET"]}}],"collection":[{"href":"https:\/\/pos-graduacao.uepb.edu.br\/ppgss\/wp-json\/wp\/v2\/posts"}],"about":[{"href":"https:\/\/pos-graduacao.uepb.edu.br\/ppgss\/wp-json\/wp\/v2\/types\/post"}],"author":[{"embeddable":true,"href":"https:\/\/pos-graduacao.uepb.edu.br\/ppgss\/wp-json\/wp\/v2\/users\/22"}],"replies":[{"embeddable":true,"href":"https:\/\/pos-graduacao.uepb.edu.br\/ppgss\/wp-json\/wp\/v2\/comments?post=291"}],"version-history":[{"count":4,"href":"https:\/\/pos-graduacao.uepb.edu.br\/ppgss\/wp-json\/wp\/v2\/posts\/291\/revisions"}],"predecessor-version":[{"id":295,"href":"https:\/\/pos-graduacao.uepb.edu.br\/ppgss\/wp-json\/wp\/v2\/posts\/291\/revisions\/295"}],"wp:attachment":[{"href":"https:\/\/pos-graduacao.uepb.edu.br\/ppgss\/wp-json\/wp\/v2\/media?parent=291"}],"wp:term":[{"taxonomy":"category","embeddable":true,"href":"https:\/\/pos-graduacao.uepb.edu.br\/ppgss\/wp-json\/wp\/v2\/categories?post=291"},{"taxonomy":"post_tag","embeddable":true,"href":"https:\/\/pos-graduacao.uepb.edu.br\/ppgss\/wp-json\/wp\/v2\/tags?post=291"}],"curies":[{"name":"wp","href":"https:\/\/api.w.org\/{rel}","templated":true}]}}