{"id":2899,"date":"2024-06-25T13:02:20","date_gmt":"2024-06-25T13:02:20","guid":{"rendered":"https:\/\/pos-graduacao.uepb.edu.br\/ppgss\/?p=2899"},"modified":"2024-06-25T13:02:20","modified_gmt":"2024-06-25T13:02:20","slug":"102a-sessao-publica-de-defesa-de-dissertacao-de-mestrado","status":"publish","type":"post","link":"https:\/\/pos-graduacao.uepb.edu.br\/ppgss\/102a-sessao-publica-de-defesa-de-dissertacao-de-mestrado\/","title":{"rendered":"102\u00aa sess\u00e3o p\u00fablica de defesa de Disserta\u00e7\u00e3o de Mestrado"},"content":{"rendered":"<p>O Programa de P\u00f3s-Gradua\u00e7\u00e3o em Servi\u00e7o Social convida a comunidade acad\u00eamica para a Defesa P\u00fablica de Disserta\u00e7\u00e3o de Mestrado da discente <strong>Bruna Valeska Barros Silva<\/strong>, que acontecer\u00e1 no dia <strong>27 de junho<\/strong>, <strong>\u00e0s 14h30, <\/strong>na Sala 351 (NUPECIJ) da Central Acad\u00eamica Paulo Freire.<\/p>\n<p><a href=\"https:\/\/pos-graduacao.uepb.edu.br\/ppgss\/files\/2024\/06\/CONVITE-Bruna-Valeska.jpg\"><img loading=\"lazy\" decoding=\"async\" class=\"alignleft  wp-image-2900 img-responsive\" src=\"https:\/\/pos-graduacao.uepb.edu.br\/ppgss\/files\/2024\/06\/CONVITE-Bruna-Valeska.jpg\" alt=\"\" width=\"951\" height=\"735\" srcset=\"https:\/\/pos-graduacao.uepb.edu.br\/ppgss\/files\/2024\/06\/CONVITE-Bruna-Valeska.jpg 2000w, https:\/\/pos-graduacao.uepb.edu.br\/ppgss\/files\/2024\/06\/CONVITE-Bruna-Valeska-300x232.jpg 300w, https:\/\/pos-graduacao.uepb.edu.br\/ppgss\/files\/2024\/06\/CONVITE-Bruna-Valeska-1536x1187.jpg 1536w, https:\/\/pos-graduacao.uepb.edu.br\/ppgss\/files\/2024\/06\/CONVITE-Bruna-Valeska-1030x796.jpg 1030w\" sizes=\"auto, (max-width: 951px) 100vw, 951px\" \/><\/a><\/p>\n","protected":false},"excerpt":{"rendered":"<p>O Programa de P\u00f3s-Gradua\u00e7\u00e3o em Servi\u00e7o Social convida a comunidade acad\u00eamica para a Defesa P\u00fablica de Disserta\u00e7\u00e3o de Mestrado da discente Bruna Valeska Barros Silva, que acontecer\u00e1 no dia 27 de junho, \u00e0s 14h30, na Sala 351 (NUPECIJ) da Central Acad\u00eamica Paulo Freire.<\/p>\n","protected":false},"author":60,"featured_media":0,"comment_status":"open","ping_status":"open","sticky":false,"template":"","format":"standard","meta":{"footnotes":""},"categories":[5,13],"tags":[],"class_list":["post-2899","post","type-post","status-publish","format-standard","hentry","category-noticias","category-noticias-destaque"],"_links":{"self":[{"href":"https:\/\/pos-graduacao.uepb.edu.br\/ppgss\/wp-json\/wp\/v2\/posts\/2899","targetHints":{"allow":["GET"]}}],"collection":[{"href":"https:\/\/pos-graduacao.uepb.edu.br\/ppgss\/wp-json\/wp\/v2\/posts"}],"about":[{"href":"https:\/\/pos-graduacao.uepb.edu.br\/ppgss\/wp-json\/wp\/v2\/types\/post"}],"author":[{"embeddable":true,"href":"https:\/\/pos-graduacao.uepb.edu.br\/ppgss\/wp-json\/wp\/v2\/users\/60"}],"replies":[{"embeddable":true,"href":"https:\/\/pos-graduacao.uepb.edu.br\/ppgss\/wp-json\/wp\/v2\/comments?post=2899"}],"version-history":[{"count":1,"href":"https:\/\/pos-graduacao.uepb.edu.br\/ppgss\/wp-json\/wp\/v2\/posts\/2899\/revisions"}],"predecessor-version":[{"id":2901,"href":"https:\/\/pos-graduacao.uepb.edu.br\/ppgss\/wp-json\/wp\/v2\/posts\/2899\/revisions\/2901"}],"wp:attachment":[{"href":"https:\/\/pos-graduacao.uepb.edu.br\/ppgss\/wp-json\/wp\/v2\/media?parent=2899"}],"wp:term":[{"taxonomy":"category","embeddable":true,"href":"https:\/\/pos-graduacao.uepb.edu.br\/ppgss\/wp-json\/wp\/v2\/categories?post=2899"},{"taxonomy":"post_tag","embeddable":true,"href":"https:\/\/pos-graduacao.uepb.edu.br\/ppgss\/wp-json\/wp\/v2\/tags?post=2899"}],"curies":[{"name":"wp","href":"https:\/\/api.w.org\/{rel}","templated":true}]}}