{"id":2894,"date":"2024-06-10T14:29:12","date_gmt":"2024-06-10T14:29:12","guid":{"rendered":"https:\/\/pos-graduacao.uepb.edu.br\/ppgss\/?p=2894"},"modified":"2024-06-10T14:29:12","modified_gmt":"2024-06-10T14:29:12","slug":"programa-de-pos-graduacao-em-servico-social-promove-webnario-com-pesquisador-chileno","status":"publish","type":"post","link":"https:\/\/pos-graduacao.uepb.edu.br\/ppgss\/programa-de-pos-graduacao-em-servico-social-promove-webnario-com-pesquisador-chileno\/","title":{"rendered":"Programa de P\u00f3s-gradua\u00e7\u00e3o em Servi\u00e7o Social promove Webn\u00e1rio com pesquisador chileno"},"content":{"rendered":"<p>O Webn\u00e1rio internacional \u201cDemocracia y Neoliberalismo en la Am\u00e9rica Latina contempor\u00e1nea\u201d acontecer\u00e1 no dia <strong>17 de junho<\/strong>, a partir das <strong>19h30<\/strong>. A atividade \u00e9 organizada pelo Programa de P\u00f3s-gradua\u00e7\u00e3o em Servi\u00e7o Social (PPGSS) da Universidade Estadual da Para\u00edba (UEPB), com o apoio do Departamento de Servi\u00e7o Social e ser\u00e1 transmitido pelo <a href=\"https:\/\/www.youtube.com\/redeuepb\" target=\"_blank\" rel=\"noopener\"><strong>canal Rede UEPB, no Youtube<\/strong><\/a>.<\/p>\n<p>O evento tem como convidado o pesquisador em Estudos Latinoamericanos, Juan Carlos G\u00f3mez Leyton e media\u00e7\u00e3o do pesquisador, Nivalter Aires dos Santos. A atividade tem como p\u00fablico-alvo discentes e docentes da gradua\u00e7\u00e3o e p\u00f3s-gradua\u00e7\u00e3o em Servi\u00e7o Social. Leyton \u00e9 diretor acad\u00eamico do CIPPSAL, no Chile. Em portugu\u00eas, a sigla refere-se ao Centro de Pesquisa de Processos Pol\u00edticos e Sociais da Am\u00e9rica Latina.<\/p>\n<p><strong>Divulga\u00e7\u00e3o:<\/strong> <a href=\"https:\/\/uepb.edu.br\/programa-de-pos-graduacao-em-servico-social-promove-webinario-com-pesquisador-chileno\/\">https:\/\/uepb.edu.br\/programa-de-pos-graduacao-em-servico-social-promove-webinario-com-pesquisador-chileno\/<\/a><\/p>\n<p><a href=\"https:\/\/pos-graduacao.uepb.edu.br\/ppgss\/files\/2024\/06\/Divulgacao-Webnario-Internacional.jpg\"><img loading=\"lazy\" decoding=\"async\" class=\"alignleft  wp-image-2895 img-responsive\" src=\"https:\/\/pos-graduacao.uepb.edu.br\/ppgss\/files\/2024\/06\/Divulgacao-Webnario-Internacional.jpg\" alt=\"\" width=\"724\" height=\"724\" srcset=\"https:\/\/pos-graduacao.uepb.edu.br\/ppgss\/files\/2024\/06\/Divulgacao-Webnario-Internacional.jpg 1080w, https:\/\/pos-graduacao.uepb.edu.br\/ppgss\/files\/2024\/06\/Divulgacao-Webnario-Internacional-300x300.jpg 300w, https:\/\/pos-graduacao.uepb.edu.br\/ppgss\/files\/2024\/06\/Divulgacao-Webnario-Internacional-796x796.jpg 796w\" sizes=\"auto, (max-width: 724px) 100vw, 724px\" \/><\/a><\/p>\n","protected":false},"excerpt":{"rendered":"<p>O Webn\u00e1rio internacional \u201cDemocracia y Neoliberalismo en la Am\u00e9rica Latina contempor\u00e1nea\u201d acontecer\u00e1 no dia 17 de junho, a partir das 19h30. A atividade \u00e9 organizada pelo Programa de P\u00f3s-gradua\u00e7\u00e3o em Servi\u00e7o Social (PPGSS) da Universidade Estadual da Para\u00edba (UEPB), com o apoio do Departamento de Servi\u00e7o Social e ser\u00e1 transmitido pelo canal Rede UEPB, no <a class=\"leiamais\" href=\"https:\/\/pos-graduacao.uepb.edu.br\/ppgss\/programa-de-pos-graduacao-em-servico-social-promove-webnario-com-pesquisador-chileno\/\">Leia Mais&#8230;<\/a><\/p>\n","protected":false},"author":60,"featured_media":0,"comment_status":"open","ping_status":"open","sticky":false,"template":"","format":"standard","meta":{"footnotes":""},"categories":[5,13],"tags":[],"class_list":["post-2894","post","type-post","status-publish","format-standard","hentry","category-noticias","category-noticias-destaque"],"_links":{"self":[{"href":"https:\/\/pos-graduacao.uepb.edu.br\/ppgss\/wp-json\/wp\/v2\/posts\/2894","targetHints":{"allow":["GET"]}}],"collection":[{"href":"https:\/\/pos-graduacao.uepb.edu.br\/ppgss\/wp-json\/wp\/v2\/posts"}],"about":[{"href":"https:\/\/pos-graduacao.uepb.edu.br\/ppgss\/wp-json\/wp\/v2\/types\/post"}],"author":[{"embeddable":true,"href":"https:\/\/pos-graduacao.uepb.edu.br\/ppgss\/wp-json\/wp\/v2\/users\/60"}],"replies":[{"embeddable":true,"href":"https:\/\/pos-graduacao.uepb.edu.br\/ppgss\/wp-json\/wp\/v2\/comments?post=2894"}],"version-history":[{"count":1,"href":"https:\/\/pos-graduacao.uepb.edu.br\/ppgss\/wp-json\/wp\/v2\/posts\/2894\/revisions"}],"predecessor-version":[{"id":2896,"href":"https:\/\/pos-graduacao.uepb.edu.br\/ppgss\/wp-json\/wp\/v2\/posts\/2894\/revisions\/2896"}],"wp:attachment":[{"href":"https:\/\/pos-graduacao.uepb.edu.br\/ppgss\/wp-json\/wp\/v2\/media?parent=2894"}],"wp:term":[{"taxonomy":"category","embeddable":true,"href":"https:\/\/pos-graduacao.uepb.edu.br\/ppgss\/wp-json\/wp\/v2\/categories?post=2894"},{"taxonomy":"post_tag","embeddable":true,"href":"https:\/\/pos-graduacao.uepb.edu.br\/ppgss\/wp-json\/wp\/v2\/tags?post=2894"}],"curies":[{"name":"wp","href":"https:\/\/api.w.org\/{rel}","templated":true}]}}