{"id":2879,"date":"2024-06-04T14:01:23","date_gmt":"2024-06-04T14:01:23","guid":{"rendered":"https:\/\/pos-graduacao.uepb.edu.br\/ppgss\/?p=2879"},"modified":"2024-06-04T14:01:23","modified_gmt":"2024-06-04T14:01:23","slug":"101a-sessao-publica-de-defesa-de-dissertacao-de-mestrado","status":"publish","type":"post","link":"https:\/\/pos-graduacao.uepb.edu.br\/ppgss\/101a-sessao-publica-de-defesa-de-dissertacao-de-mestrado\/","title":{"rendered":"101\u00aa sess\u00e3o p\u00fablica de defesa de Disserta\u00e7\u00e3o de Mestrado"},"content":{"rendered":"<p>O Programa de P\u00f3s-Gradua\u00e7\u00e3o em Servi\u00e7o Social convida a comunidade acad\u00eamica para a Defesa P\u00fablica de Disserta\u00e7\u00e3o de Mestrado da discente <strong>Fl\u00e1via Cristina dos Santos Alves<\/strong>, que acontecer\u00e1 no dia <strong>05 de junho<\/strong>, <strong>\u00e0s 14h00, <\/strong>na Plataforma <em>Google Meet<\/em>, atrav\u00e9s do link: <a href=\"https:\/\/meet.google.com\/dud-ydvv-zrh\">https:\/\/meet.google.com\/dud-ydvv-zrh<\/a><\/p>\n<p><a href=\"https:\/\/pos-graduacao.uepb.edu.br\/ppgss\/files\/2024\/06\/CONVITE-Flavia-Cristina.png\"><img loading=\"lazy\" decoding=\"async\" class=\"alignleft  wp-image-2880 img-responsive\" src=\"https:\/\/pos-graduacao.uepb.edu.br\/ppgss\/files\/2024\/06\/CONVITE-Flavia-Cristina.png\" alt=\"\" width=\"796\" height=\"615\" srcset=\"https:\/\/pos-graduacao.uepb.edu.br\/ppgss\/files\/2024\/06\/CONVITE-Flavia-Cristina.png 2000w, https:\/\/pos-graduacao.uepb.edu.br\/ppgss\/files\/2024\/06\/CONVITE-Flavia-Cristina-300x232.png 300w, https:\/\/pos-graduacao.uepb.edu.br\/ppgss\/files\/2024\/06\/CONVITE-Flavia-Cristina-1536x1187.png 1536w, https:\/\/pos-graduacao.uepb.edu.br\/ppgss\/files\/2024\/06\/CONVITE-Flavia-Cristina-1030x796.png 1030w\" sizes=\"auto, (max-width: 796px) 100vw, 796px\" \/><\/a><\/p>\n","protected":false},"excerpt":{"rendered":"<p>O Programa de P\u00f3s-Gradua\u00e7\u00e3o em Servi\u00e7o Social convida a comunidade acad\u00eamica para a Defesa P\u00fablica de Disserta\u00e7\u00e3o de Mestrado da discente Fl\u00e1via Cristina dos Santos Alves, que acontecer\u00e1 no dia 05 de junho, \u00e0s 14h00, na Plataforma Google Meet, atrav\u00e9s do link: https:\/\/meet.google.com\/dud-ydvv-zrh<\/p>\n","protected":false},"author":60,"featured_media":0,"comment_status":"open","ping_status":"open","sticky":false,"template":"","format":"standard","meta":{"footnotes":""},"categories":[5,13],"tags":[],"class_list":["post-2879","post","type-post","status-publish","format-standard","hentry","category-noticias","category-noticias-destaque"],"_links":{"self":[{"href":"https:\/\/pos-graduacao.uepb.edu.br\/ppgss\/wp-json\/wp\/v2\/posts\/2879","targetHints":{"allow":["GET"]}}],"collection":[{"href":"https:\/\/pos-graduacao.uepb.edu.br\/ppgss\/wp-json\/wp\/v2\/posts"}],"about":[{"href":"https:\/\/pos-graduacao.uepb.edu.br\/ppgss\/wp-json\/wp\/v2\/types\/post"}],"author":[{"embeddable":true,"href":"https:\/\/pos-graduacao.uepb.edu.br\/ppgss\/wp-json\/wp\/v2\/users\/60"}],"replies":[{"embeddable":true,"href":"https:\/\/pos-graduacao.uepb.edu.br\/ppgss\/wp-json\/wp\/v2\/comments?post=2879"}],"version-history":[{"count":1,"href":"https:\/\/pos-graduacao.uepb.edu.br\/ppgss\/wp-json\/wp\/v2\/posts\/2879\/revisions"}],"predecessor-version":[{"id":2881,"href":"https:\/\/pos-graduacao.uepb.edu.br\/ppgss\/wp-json\/wp\/v2\/posts\/2879\/revisions\/2881"}],"wp:attachment":[{"href":"https:\/\/pos-graduacao.uepb.edu.br\/ppgss\/wp-json\/wp\/v2\/media?parent=2879"}],"wp:term":[{"taxonomy":"category","embeddable":true,"href":"https:\/\/pos-graduacao.uepb.edu.br\/ppgss\/wp-json\/wp\/v2\/categories?post=2879"},{"taxonomy":"post_tag","embeddable":true,"href":"https:\/\/pos-graduacao.uepb.edu.br\/ppgss\/wp-json\/wp\/v2\/tags?post=2879"}],"curies":[{"name":"wp","href":"https:\/\/api.w.org\/{rel}","templated":true}]}}