{"id":2722,"date":"2024-05-20T12:48:55","date_gmt":"2024-05-20T12:48:55","guid":{"rendered":"https:\/\/pos-graduacao.uepb.edu.br\/ppgss\/?p=2722"},"modified":"2024-05-20T12:48:55","modified_gmt":"2024-05-20T12:48:55","slug":"100a-sessao-publica-de-defesa-de-dissertacao-de-mestrado","status":"publish","type":"post","link":"https:\/\/pos-graduacao.uepb.edu.br\/ppgss\/100a-sessao-publica-de-defesa-de-dissertacao-de-mestrado\/","title":{"rendered":"100\u00aa sess\u00e3o p\u00fablica de defesa de Disserta\u00e7\u00e3o de Mestrado"},"content":{"rendered":"<p>O Programa de P\u00f3s-Gradua\u00e7\u00e3o em Servi\u00e7o Social convida a comunidade acad\u00eamica para a Defesa P\u00fablica de Disserta\u00e7\u00e3o de Mestrado da discente <strong>Rosa Maria Dias da Costa Santos<\/strong>, que acontecer\u00e1 no dia <strong>22 de maio<\/strong>, <strong>\u00e0s 15h00, <\/strong>na Plataforma <em>Google Meet<\/em>, atrav\u00e9s do link: <a href=\"https:\/\/meet.google.com\/ouc-wjxy-kru\">https:\/\/meet.google.com\/ouc-wjxy-kru<\/a><\/p>\n<p><a href=\"https:\/\/pos-graduacao.uepb.edu.br\/ppgss\/files\/2024\/05\/CONVITE-Rosa-Maria.jpg\"><img loading=\"lazy\" decoding=\"async\" class=\"alignleft size-large wp-image-2723 img-responsive\" src=\"https:\/\/pos-graduacao.uepb.edu.br\/ppgss\/files\/2024\/05\/CONVITE-Rosa-Maria-1024x791.jpg\" alt=\"\" width=\"1024\" height=\"791\" srcset=\"https:\/\/pos-graduacao.uepb.edu.br\/ppgss\/files\/2024\/05\/CONVITE-Rosa-Maria-1024x791.jpg 1024w, https:\/\/pos-graduacao.uepb.edu.br\/ppgss\/files\/2024\/05\/CONVITE-Rosa-Maria-300x232.jpg 300w, https:\/\/pos-graduacao.uepb.edu.br\/ppgss\/files\/2024\/05\/CONVITE-Rosa-Maria-768x593.jpg 768w, https:\/\/pos-graduacao.uepb.edu.br\/ppgss\/files\/2024\/05\/CONVITE-Rosa-Maria-1536x1187.jpg 1536w, https:\/\/pos-graduacao.uepb.edu.br\/ppgss\/files\/2024\/05\/CONVITE-Rosa-Maria-370x286.jpg 370w, https:\/\/pos-graduacao.uepb.edu.br\/ppgss\/files\/2024\/05\/CONVITE-Rosa-Maria-840x649.jpg 840w, https:\/\/pos-graduacao.uepb.edu.br\/ppgss\/files\/2024\/05\/CONVITE-Rosa-Maria.jpg 2000w\" sizes=\"auto, (max-width: 1024px) 100vw, 1024px\" \/><\/a><\/p>\n","protected":false},"excerpt":{"rendered":"<p>O Programa de P\u00f3s-Gradua\u00e7\u00e3o em Servi\u00e7o Social convida a comunidade acad\u00eamica para a Defesa P\u00fablica de Disserta\u00e7\u00e3o de Mestrado da discente Rosa Maria Dias da Costa Santos, que acontecer\u00e1 no dia 22 de maio, \u00e0s 15h00, na Plataforma Google Meet, atrav\u00e9s do link: https:\/\/meet.google.com\/ouc-wjxy-kru<\/p>\n","protected":false},"author":60,"featured_media":0,"comment_status":"open","ping_status":"open","sticky":false,"template":"","format":"standard","meta":{"footnotes":""},"categories":[5,13],"tags":[],"class_list":["post-2722","post","type-post","status-publish","format-standard","hentry","category-noticias","category-noticias-destaque"],"_links":{"self":[{"href":"https:\/\/pos-graduacao.uepb.edu.br\/ppgss\/wp-json\/wp\/v2\/posts\/2722","targetHints":{"allow":["GET"]}}],"collection":[{"href":"https:\/\/pos-graduacao.uepb.edu.br\/ppgss\/wp-json\/wp\/v2\/posts"}],"about":[{"href":"https:\/\/pos-graduacao.uepb.edu.br\/ppgss\/wp-json\/wp\/v2\/types\/post"}],"author":[{"embeddable":true,"href":"https:\/\/pos-graduacao.uepb.edu.br\/ppgss\/wp-json\/wp\/v2\/users\/60"}],"replies":[{"embeddable":true,"href":"https:\/\/pos-graduacao.uepb.edu.br\/ppgss\/wp-json\/wp\/v2\/comments?post=2722"}],"version-history":[{"count":1,"href":"https:\/\/pos-graduacao.uepb.edu.br\/ppgss\/wp-json\/wp\/v2\/posts\/2722\/revisions"}],"predecessor-version":[{"id":2724,"href":"https:\/\/pos-graduacao.uepb.edu.br\/ppgss\/wp-json\/wp\/v2\/posts\/2722\/revisions\/2724"}],"wp:attachment":[{"href":"https:\/\/pos-graduacao.uepb.edu.br\/ppgss\/wp-json\/wp\/v2\/media?parent=2722"}],"wp:term":[{"taxonomy":"category","embeddable":true,"href":"https:\/\/pos-graduacao.uepb.edu.br\/ppgss\/wp-json\/wp\/v2\/categories?post=2722"},{"taxonomy":"post_tag","embeddable":true,"href":"https:\/\/pos-graduacao.uepb.edu.br\/ppgss\/wp-json\/wp\/v2\/tags?post=2722"}],"curies":[{"name":"wp","href":"https:\/\/api.w.org\/{rel}","templated":true}]}}