{"id":2699,"date":"2024-03-21T14:08:11","date_gmt":"2024-03-21T14:08:11","guid":{"rendered":"https:\/\/pos-graduacao.uepb.edu.br\/ppgss\/?p=2699"},"modified":"2024-03-21T14:13:19","modified_gmt":"2024-03-21T14:13:19","slug":"99a-sessao-publica-de-defesa-de-dissertacao-de-mestrado","status":"publish","type":"post","link":"https:\/\/pos-graduacao.uepb.edu.br\/ppgss\/99a-sessao-publica-de-defesa-de-dissertacao-de-mestrado\/","title":{"rendered":"99\u00aa sess\u00e3o p\u00fablica de defesa de Disserta\u00e7\u00e3o de Mestrado"},"content":{"rendered":"<p>O Programa de P\u00f3s-Gradua\u00e7\u00e3o em Servi\u00e7o Social convida a comunidade acad\u00eamica para a Defesa P\u00fablica de Disserta\u00e7\u00e3o de Mestrado da discente <strong>Luciana Mickaelli King Holanda<\/strong>, que acontecer\u00e1 no dia <strong>22 de mar\u00e7o<\/strong>, <strong>\u00e0s 14h00, <\/strong>na Plataforma <em>Google Meet<\/em>, atrav\u00e9s do link: <a href=\"https:\/\/meet.google.com\/viq-yhvo-xcd\">https:\/\/meet.google.com\/viq-yhvo-xcd<\/a><\/p>\n<p><a href=\"https:\/\/pos-graduacao.uepb.edu.br\/ppgss\/files\/2024\/03\/CONVITE-DEFESA-DE-DISSERTACAO-2.jpg\"><img loading=\"lazy\" decoding=\"async\" class=\"alignleft size-large wp-image-2704 img-responsive\" src=\"https:\/\/pos-graduacao.uepb.edu.br\/ppgss\/files\/2024\/03\/CONVITE-DEFESA-DE-DISSERTACAO-2-1024x791.jpg\" alt=\"\" width=\"1024\" height=\"791\" srcset=\"https:\/\/pos-graduacao.uepb.edu.br\/ppgss\/files\/2024\/03\/CONVITE-DEFESA-DE-DISSERTACAO-2-1024x791.jpg 1024w, https:\/\/pos-graduacao.uepb.edu.br\/ppgss\/files\/2024\/03\/CONVITE-DEFESA-DE-DISSERTACAO-2-300x232.jpg 300w, https:\/\/pos-graduacao.uepb.edu.br\/ppgss\/files\/2024\/03\/CONVITE-DEFESA-DE-DISSERTACAO-2-768x593.jpg 768w, https:\/\/pos-graduacao.uepb.edu.br\/ppgss\/files\/2024\/03\/CONVITE-DEFESA-DE-DISSERTACAO-2-1536x1187.jpg 1536w, https:\/\/pos-graduacao.uepb.edu.br\/ppgss\/files\/2024\/03\/CONVITE-DEFESA-DE-DISSERTACAO-2-370x286.jpg 370w, https:\/\/pos-graduacao.uepb.edu.br\/ppgss\/files\/2024\/03\/CONVITE-DEFESA-DE-DISSERTACAO-2-840x649.jpg 840w, https:\/\/pos-graduacao.uepb.edu.br\/ppgss\/files\/2024\/03\/CONVITE-DEFESA-DE-DISSERTACAO-2.jpg 2000w\" sizes=\"auto, (max-width: 1024px) 100vw, 1024px\" \/><\/a><\/p>\n<p>&nbsp;<\/p>\n","protected":false},"excerpt":{"rendered":"<p>O Programa de P\u00f3s-Gradua\u00e7\u00e3o em Servi\u00e7o Social convida a comunidade acad\u00eamica para a Defesa P\u00fablica de Disserta\u00e7\u00e3o de Mestrado da discente Luciana Mickaelli King Holanda, que acontecer\u00e1 no dia 22 de mar\u00e7o, \u00e0s 14h00, na Plataforma Google Meet, atrav\u00e9s do link: https:\/\/meet.google.com\/viq-yhvo-xcd &nbsp;<\/p>\n","protected":false},"author":60,"featured_media":0,"comment_status":"open","ping_status":"open","sticky":false,"template":"","format":"standard","meta":{"footnotes":""},"categories":[5,13],"tags":[],"class_list":["post-2699","post","type-post","status-publish","format-standard","hentry","category-noticias","category-noticias-destaque"],"_links":{"self":[{"href":"https:\/\/pos-graduacao.uepb.edu.br\/ppgss\/wp-json\/wp\/v2\/posts\/2699","targetHints":{"allow":["GET"]}}],"collection":[{"href":"https:\/\/pos-graduacao.uepb.edu.br\/ppgss\/wp-json\/wp\/v2\/posts"}],"about":[{"href":"https:\/\/pos-graduacao.uepb.edu.br\/ppgss\/wp-json\/wp\/v2\/types\/post"}],"author":[{"embeddable":true,"href":"https:\/\/pos-graduacao.uepb.edu.br\/ppgss\/wp-json\/wp\/v2\/users\/60"}],"replies":[{"embeddable":true,"href":"https:\/\/pos-graduacao.uepb.edu.br\/ppgss\/wp-json\/wp\/v2\/comments?post=2699"}],"version-history":[{"count":4,"href":"https:\/\/pos-graduacao.uepb.edu.br\/ppgss\/wp-json\/wp\/v2\/posts\/2699\/revisions"}],"predecessor-version":[{"id":2706,"href":"https:\/\/pos-graduacao.uepb.edu.br\/ppgss\/wp-json\/wp\/v2\/posts\/2699\/revisions\/2706"}],"wp:attachment":[{"href":"https:\/\/pos-graduacao.uepb.edu.br\/ppgss\/wp-json\/wp\/v2\/media?parent=2699"}],"wp:term":[{"taxonomy":"category","embeddable":true,"href":"https:\/\/pos-graduacao.uepb.edu.br\/ppgss\/wp-json\/wp\/v2\/categories?post=2699"},{"taxonomy":"post_tag","embeddable":true,"href":"https:\/\/pos-graduacao.uepb.edu.br\/ppgss\/wp-json\/wp\/v2\/tags?post=2699"}],"curies":[{"name":"wp","href":"https:\/\/api.w.org\/{rel}","templated":true}]}}