{"id":2694,"date":"2024-03-11T13:57:46","date_gmt":"2024-03-11T13:57:46","guid":{"rendered":"https:\/\/pos-graduacao.uepb.edu.br\/ppgss\/?p=2694"},"modified":"2024-03-11T13:57:46","modified_gmt":"2024-03-11T13:57:46","slug":"aula-inaugural-semestre-2024-1","status":"publish","type":"post","link":"https:\/\/pos-graduacao.uepb.edu.br\/ppgss\/aula-inaugural-semestre-2024-1\/","title":{"rendered":"Aula Inaugural &#8211; Semestre 2024.1"},"content":{"rendered":"<p>A Coordena\u00e7\u00e3o do Programa de P\u00f3s-Gradua\u00e7\u00e3o em Servi\u00e7o Social &#8211; PPGSS convida discentes, docentes e egressos do Mestrado e Gradua\u00e7\u00e3o em Servi\u00e7o Social para participarem, nos pr\u00f3ximos dias <strong>03 e 04 de abril de 2024<\/strong>, \u00a0no <strong>Audit\u00f3rio II<\/strong> da Central Acad\u00eamica Paulo Freire, da Aula Inaugural do Programa de P\u00f3s-Gradua\u00e7\u00e3o, cujo tema ser\u00e1 &#8220;<strong>Ultraneoliberalismo e financeiriza\u00e7\u00e3o das Pol\u00edticas Sociais<\/strong>&#8221; ministrada pelos professores<strong> Dr. Evil\u00e1sio Salvador (UNB) e Dr. Nivalter Aires (PPGSS\/UEPB).\u00a0<\/strong>Al\u00e9m da aula inaugural, ser\u00e1 ministrado o minicurso &#8220;<strong>Novo arcabou\u00e7o fiscal, reforma tribut\u00e1ria, d\u00edvida p\u00fablica e implica\u00e7\u00f5es para as Pol\u00edticas Sociais&#8221;.\u00a0<\/strong>Abaixo, o detalhamento dos dois dias de programa\u00e7\u00e3o:<\/p>\n<p><a href=\"https:\/\/pos-graduacao.uepb.edu.br\/ppgss\/files\/2024\/03\/Aula-Inaugural-Palestra.jpeg\"><img loading=\"lazy\" decoding=\"async\" class=\"alignleft  wp-image-2695 img-responsive\" src=\"https:\/\/pos-graduacao.uepb.edu.br\/ppgss\/files\/2024\/03\/Aula-Inaugural-Palestra-724x1024.jpeg\" alt=\"\" width=\"414\" height=\"585\" srcset=\"https:\/\/pos-graduacao.uepb.edu.br\/ppgss\/files\/2024\/03\/Aula-Inaugural-Palestra-724x1024.jpeg 724w, https:\/\/pos-graduacao.uepb.edu.br\/ppgss\/files\/2024\/03\/Aula-Inaugural-Palestra-212x300.jpeg 212w, https:\/\/pos-graduacao.uepb.edu.br\/ppgss\/files\/2024\/03\/Aula-Inaugural-Palestra-768x1086.jpeg 768w, https:\/\/pos-graduacao.uepb.edu.br\/ppgss\/files\/2024\/03\/Aula-Inaugural-Palestra-1086x1536.jpeg 1086w, https:\/\/pos-graduacao.uepb.edu.br\/ppgss\/files\/2024\/03\/Aula-Inaugural-Palestra-370x523.jpeg 370w, https:\/\/pos-graduacao.uepb.edu.br\/ppgss\/files\/2024\/03\/Aula-Inaugural-Palestra-840x1188.jpeg 840w, https:\/\/pos-graduacao.uepb.edu.br\/ppgss\/files\/2024\/03\/Aula-Inaugural-Palestra.jpeg 1131w\" sizes=\"auto, (max-width: 414px) 100vw, 414px\" \/><\/a> <a href=\"https:\/\/pos-graduacao.uepb.edu.br\/ppgss\/files\/2024\/03\/Aula-Inaugural-Minicurso.jpeg\"><img loading=\"lazy\" decoding=\"async\" class=\"alignleft  wp-image-2696 img-responsive\" src=\"https:\/\/pos-graduacao.uepb.edu.br\/ppgss\/files\/2024\/03\/Aula-Inaugural-Minicurso-724x1024.jpeg\" alt=\"\" width=\"413\" height=\"584\" srcset=\"https:\/\/pos-graduacao.uepb.edu.br\/ppgss\/files\/2024\/03\/Aula-Inaugural-Minicurso-724x1024.jpeg 724w, https:\/\/pos-graduacao.uepb.edu.br\/ppgss\/files\/2024\/03\/Aula-Inaugural-Minicurso-212x300.jpeg 212w, https:\/\/pos-graduacao.uepb.edu.br\/ppgss\/files\/2024\/03\/Aula-Inaugural-Minicurso-768x1086.jpeg 768w, https:\/\/pos-graduacao.uepb.edu.br\/ppgss\/files\/2024\/03\/Aula-Inaugural-Minicurso-1086x1536.jpeg 1086w, https:\/\/pos-graduacao.uepb.edu.br\/ppgss\/files\/2024\/03\/Aula-Inaugural-Minicurso-370x523.jpeg 370w, https:\/\/pos-graduacao.uepb.edu.br\/ppgss\/files\/2024\/03\/Aula-Inaugural-Minicurso-840x1188.jpeg 840w, https:\/\/pos-graduacao.uepb.edu.br\/ppgss\/files\/2024\/03\/Aula-Inaugural-Minicurso.jpeg 1131w\" sizes=\"auto, (max-width: 413px) 100vw, 413px\" \/><\/a><\/p>\n","protected":false},"excerpt":{"rendered":"<p>A Coordena\u00e7\u00e3o do Programa de P\u00f3s-Gradua\u00e7\u00e3o em Servi\u00e7o Social &#8211; PPGSS convida discentes, docentes e egressos do Mestrado e Gradua\u00e7\u00e3o em Servi\u00e7o Social para participarem, nos pr\u00f3ximos dias 03 e 04 de abril de 2024, \u00a0no Audit\u00f3rio II da Central Acad\u00eamica Paulo Freire, da Aula Inaugural do Programa de P\u00f3s-Gradua\u00e7\u00e3o, cujo tema ser\u00e1 &#8220;Ultraneoliberalismo e <a class=\"leiamais\" href=\"https:\/\/pos-graduacao.uepb.edu.br\/ppgss\/aula-inaugural-semestre-2024-1\/\">Leia Mais&#8230;<\/a><\/p>\n","protected":false},"author":60,"featured_media":0,"comment_status":"open","ping_status":"open","sticky":false,"template":"","format":"standard","meta":{"footnotes":""},"categories":[5,13],"tags":[],"class_list":["post-2694","post","type-post","status-publish","format-standard","hentry","category-noticias","category-noticias-destaque"],"_links":{"self":[{"href":"https:\/\/pos-graduacao.uepb.edu.br\/ppgss\/wp-json\/wp\/v2\/posts\/2694","targetHints":{"allow":["GET"]}}],"collection":[{"href":"https:\/\/pos-graduacao.uepb.edu.br\/ppgss\/wp-json\/wp\/v2\/posts"}],"about":[{"href":"https:\/\/pos-graduacao.uepb.edu.br\/ppgss\/wp-json\/wp\/v2\/types\/post"}],"author":[{"embeddable":true,"href":"https:\/\/pos-graduacao.uepb.edu.br\/ppgss\/wp-json\/wp\/v2\/users\/60"}],"replies":[{"embeddable":true,"href":"https:\/\/pos-graduacao.uepb.edu.br\/ppgss\/wp-json\/wp\/v2\/comments?post=2694"}],"version-history":[{"count":1,"href":"https:\/\/pos-graduacao.uepb.edu.br\/ppgss\/wp-json\/wp\/v2\/posts\/2694\/revisions"}],"predecessor-version":[{"id":2697,"href":"https:\/\/pos-graduacao.uepb.edu.br\/ppgss\/wp-json\/wp\/v2\/posts\/2694\/revisions\/2697"}],"wp:attachment":[{"href":"https:\/\/pos-graduacao.uepb.edu.br\/ppgss\/wp-json\/wp\/v2\/media?parent=2694"}],"wp:term":[{"taxonomy":"category","embeddable":true,"href":"https:\/\/pos-graduacao.uepb.edu.br\/ppgss\/wp-json\/wp\/v2\/categories?post=2694"},{"taxonomy":"post_tag","embeddable":true,"href":"https:\/\/pos-graduacao.uepb.edu.br\/ppgss\/wp-json\/wp\/v2\/tags?post=2694"}],"curies":[{"name":"wp","href":"https:\/\/api.w.org\/{rel}","templated":true}]}}