{"id":2284,"date":"2023-11-16T16:11:16","date_gmt":"2023-11-16T16:11:16","guid":{"rendered":"https:\/\/pos-graduacao.uepb.edu.br\/ppgss\/?p=2284"},"modified":"2023-11-24T13:42:14","modified_gmt":"2023-11-24T13:42:14","slug":"10-anos-do-ppgss-programacao-e-abertura-de-inscricoes","status":"publish","type":"post","link":"https:\/\/pos-graduacao.uepb.edu.br\/ppgss\/10-anos-do-ppgss-programacao-e-abertura-de-inscricoes\/","title":{"rendered":"10 Anos do PPGSS &#8211; Programa\u00e7\u00e3o e Abertura de Inscri\u00e7\u00f5es"},"content":{"rendered":"<p>A Coordena\u00e7\u00e3o do Programa de P\u00f3s-Gradua\u00e7\u00e3o em Servi\u00e7o Social da Universidade Estadual da Para\u00edba divulga a programa\u00e7\u00e3o do evento que celebrar\u00e1 os 10 anos de atividades do PPGSS. O evento acontecer\u00e1 nos dias <strong>28, 29 e 30 de novembro<\/strong>, no Audit\u00f3rio II da Central Acad\u00eamica Paulo Freire, Campus I e contar\u00e1 com a presen\u00e7a da Reitora da UEPB, Coordenadores\/as, Chefias dos Departamentos dos Cursos de Gradua\u00e7\u00e3o e P\u00f3s-Gradua\u00e7\u00e3o do CCSA, Dire\u00e7\u00e3o do CCSA, discentes, docentes e egressos da P\u00f3s-Gradua\u00e7\u00e3o e Gradua\u00e7\u00e3o em Servi\u00e7o Social.<\/p>\n<p>Os\/as discentes interessados\/as em participar das palestras e comemora\u00e7\u00f5es podem preencher o formul\u00e1rio disponibilizado abaixo:<\/p>\n<p style=\"text-align: center\"><a href=\"https:\/\/forms.gle\/HrxsYP6xvjuj1LVK6\">https:\/\/forms.gle\/HrxsYP6xvjuj1LVK6<\/a><\/p>\n<p>&nbsp;<\/p>\n<p>Para acessar a programa\u00e7\u00e3o completa, clique <a href=\"https:\/\/pos-graduacao.uepb.edu.br\/ppgss\/files\/2023\/11\/PROGRAMACAO-FINAL.pdf\">AQUI.<\/a><\/p>\n","protected":false},"excerpt":{"rendered":"<p>A Coordena\u00e7\u00e3o do Programa de P\u00f3s-Gradua\u00e7\u00e3o em Servi\u00e7o Social da Universidade Estadual da Para\u00edba divulga a programa\u00e7\u00e3o do evento que celebrar\u00e1 os 10 anos de atividades do PPGSS. O evento acontecer\u00e1 nos dias 28, 29 e 30 de novembro, no Audit\u00f3rio II da Central Acad\u00eamica Paulo Freire, Campus I e contar\u00e1 com a presen\u00e7a da <a class=\"leiamais\" href=\"https:\/\/pos-graduacao.uepb.edu.br\/ppgss\/10-anos-do-ppgss-programacao-e-abertura-de-inscricoes\/\">Leia Mais&#8230;<\/a><\/p>\n","protected":false},"author":60,"featured_media":0,"comment_status":"open","ping_status":"open","sticky":false,"template":"","format":"standard","meta":{"footnotes":""},"categories":[5,13],"tags":[],"class_list":["post-2284","post","type-post","status-publish","format-standard","hentry","category-noticias","category-noticias-destaque"],"_links":{"self":[{"href":"https:\/\/pos-graduacao.uepb.edu.br\/ppgss\/wp-json\/wp\/v2\/posts\/2284","targetHints":{"allow":["GET"]}}],"collection":[{"href":"https:\/\/pos-graduacao.uepb.edu.br\/ppgss\/wp-json\/wp\/v2\/posts"}],"about":[{"href":"https:\/\/pos-graduacao.uepb.edu.br\/ppgss\/wp-json\/wp\/v2\/types\/post"}],"author":[{"embeddable":true,"href":"https:\/\/pos-graduacao.uepb.edu.br\/ppgss\/wp-json\/wp\/v2\/users\/60"}],"replies":[{"embeddable":true,"href":"https:\/\/pos-graduacao.uepb.edu.br\/ppgss\/wp-json\/wp\/v2\/comments?post=2284"}],"version-history":[{"count":6,"href":"https:\/\/pos-graduacao.uepb.edu.br\/ppgss\/wp-json\/wp\/v2\/posts\/2284\/revisions"}],"predecessor-version":[{"id":2303,"href":"https:\/\/pos-graduacao.uepb.edu.br\/ppgss\/wp-json\/wp\/v2\/posts\/2284\/revisions\/2303"}],"wp:attachment":[{"href":"https:\/\/pos-graduacao.uepb.edu.br\/ppgss\/wp-json\/wp\/v2\/media?parent=2284"}],"wp:term":[{"taxonomy":"category","embeddable":true,"href":"https:\/\/pos-graduacao.uepb.edu.br\/ppgss\/wp-json\/wp\/v2\/categories?post=2284"},{"taxonomy":"post_tag","embeddable":true,"href":"https:\/\/pos-graduacao.uepb.edu.br\/ppgss\/wp-json\/wp\/v2\/tags?post=2284"}],"curies":[{"name":"wp","href":"https:\/\/api.w.org\/{rel}","templated":true}]}}