{"id":2193,"date":"2023-09-20T13:51:33","date_gmt":"2023-09-20T13:51:33","guid":{"rendered":"https:\/\/pos-graduacao.uepb.edu.br\/ppgss\/?p=2193"},"modified":"2023-10-06T12:00:58","modified_gmt":"2023-10-06T12:00:58","slug":"discentes-e-docente-do-programa-de-pos-graduacao-em-servico-social-da-uepb-participam-da-xi-jornada-internacional-de-politicas-publicas-joinpp","status":"publish","type":"post","link":"https:\/\/pos-graduacao.uepb.edu.br\/ppgss\/discentes-e-docente-do-programa-de-pos-graduacao-em-servico-social-da-uepb-participam-da-xi-jornada-internacional-de-politicas-publicas-joinpp\/","title":{"rendered":"Discentes e docente do Programa de P\u00f3s-Gradua\u00e7\u00e3o em Servi\u00e7o Social da UEPB participam da XI Jornada Internacional de Pol\u00edticas P\u00fablicas &#8211; JOINPP"},"content":{"rendered":"<p>Estudantes do Programa de P\u00f3s-Gradua\u00e7\u00e3o em Servi\u00e7o Social (PPGSS) da Universidade Estadual da Para\u00edba (UEPB) e a Prof.\u00aa Dr.\u00aa Alessandra Ximenes da Silva, coordenadora do PPGSS, participam da XI Jornada Internacional de Pol\u00edticas P\u00fablicas (JOINPP), realizada na cidade de S\u00e3o Lu\u00eds &#8211; MA entre os dias 19 e 22 de setembro de 2023. O evento deste ano, com o tema &#8220;REIFICA\u00c7\u00c3O CAPITALISTA E EMANCIPA\u00c7\u00c3O HUMANA COMO NECESSIDADE HIST\u00d3RICA: forma\u00e7\u00e3o da consci\u00eancia de classe na luta de hegemonias &#8211; Cem anos de Hist\u00f3ria e consci\u00eancia de classe de Luk\u00e1cs&#8221;, re\u00fane pesquisadores de renome nacional e internacional, oferecendo um ambiente prop\u00edcio para a troca de experi\u00eancias e a dissemina\u00e7\u00e3o do conhecimento.<\/p>\n<p>Para a ocasi\u00e3o da Jornada, as discentes do PPGSS tiveram suas pesquisas aprovadas para comunica\u00e7\u00e3o oral, contribuindo efetivamente com o debate proposto pelo evento.<\/p>\n<p><a href=\"https:\/\/pos-graduacao.uepb.edu.br\/ppgss\/files\/2023\/09\/Meninas-JOINPP.jpg\"><img loading=\"lazy\" decoding=\"async\" class=\"aligncenter wp-image-2194 img-responsive\" src=\"https:\/\/pos-graduacao.uepb.edu.br\/ppgss\/files\/2023\/09\/Meninas-JOINPP.jpg\" alt=\"\" width=\"448\" height=\"597\" \/><\/a><\/p>\n<p>A participa\u00e7\u00e3o da docente e discentes do PPGSS no JOINPP foi viabilizada gra\u00e7as ao apoio da Pr\u00f3-Reitoria Estudantil da Universidade Estadual da Para\u00edba e do financiamento 001 da Coordena\u00e7\u00e3o de Aperfei\u00e7oamento de Pessoal de N\u00edvel Superior &#8211; Brasil (CAPES).<\/p>\n<p>&nbsp;<\/p>\n","protected":false},"excerpt":{"rendered":"<p>Estudantes do Programa de P\u00f3s-Gradua\u00e7\u00e3o em Servi\u00e7o Social (PPGSS) da Universidade Estadual da Para\u00edba (UEPB) e a Prof.\u00aa Dr.\u00aa Alessandra Ximenes da Silva, coordenadora do PPGSS, participam da XI Jornada Internacional de Pol\u00edticas P\u00fablicas (JOINPP), realizada na cidade de S\u00e3o Lu\u00eds &#8211; MA entre os dias 19 e 22 de setembro de 2023. O evento <a class=\"leiamais\" href=\"https:\/\/pos-graduacao.uepb.edu.br\/ppgss\/discentes-e-docente-do-programa-de-pos-graduacao-em-servico-social-da-uepb-participam-da-xi-jornada-internacional-de-politicas-publicas-joinpp\/\">Leia Mais&#8230;<\/a><\/p>\n","protected":false},"author":60,"featured_media":0,"comment_status":"open","ping_status":"open","sticky":false,"template":"","format":"standard","meta":{"footnotes":""},"categories":[5,13],"tags":[],"class_list":["post-2193","post","type-post","status-publish","format-standard","hentry","category-noticias","category-noticias-destaque"],"_links":{"self":[{"href":"https:\/\/pos-graduacao.uepb.edu.br\/ppgss\/wp-json\/wp\/v2\/posts\/2193","targetHints":{"allow":["GET"]}}],"collection":[{"href":"https:\/\/pos-graduacao.uepb.edu.br\/ppgss\/wp-json\/wp\/v2\/posts"}],"about":[{"href":"https:\/\/pos-graduacao.uepb.edu.br\/ppgss\/wp-json\/wp\/v2\/types\/post"}],"author":[{"embeddable":true,"href":"https:\/\/pos-graduacao.uepb.edu.br\/ppgss\/wp-json\/wp\/v2\/users\/60"}],"replies":[{"embeddable":true,"href":"https:\/\/pos-graduacao.uepb.edu.br\/ppgss\/wp-json\/wp\/v2\/comments?post=2193"}],"version-history":[{"count":4,"href":"https:\/\/pos-graduacao.uepb.edu.br\/ppgss\/wp-json\/wp\/v2\/posts\/2193\/revisions"}],"predecessor-version":[{"id":2198,"href":"https:\/\/pos-graduacao.uepb.edu.br\/ppgss\/wp-json\/wp\/v2\/posts\/2193\/revisions\/2198"}],"wp:attachment":[{"href":"https:\/\/pos-graduacao.uepb.edu.br\/ppgss\/wp-json\/wp\/v2\/media?parent=2193"}],"wp:term":[{"taxonomy":"category","embeddable":true,"href":"https:\/\/pos-graduacao.uepb.edu.br\/ppgss\/wp-json\/wp\/v2\/categories?post=2193"},{"taxonomy":"post_tag","embeddable":true,"href":"https:\/\/pos-graduacao.uepb.edu.br\/ppgss\/wp-json\/wp\/v2\/tags?post=2193"}],"curies":[{"name":"wp","href":"https:\/\/api.w.org\/{rel}","templated":true}]}}