{"id":2140,"date":"2023-08-29T13:47:34","date_gmt":"2023-08-29T13:47:34","guid":{"rendered":"https:\/\/pos-graduacao.uepb.edu.br\/ppgss\/?p=2140"},"modified":"2023-10-06T12:00:05","modified_gmt":"2023-10-06T12:00:05","slug":"92a-sessao-publica-de-defesa-de-dissertacao-de-mestrado","status":"publish","type":"post","link":"https:\/\/pos-graduacao.uepb.edu.br\/ppgss\/92a-sessao-publica-de-defesa-de-dissertacao-de-mestrado\/","title":{"rendered":"92\u00aa sess\u00e3o p\u00fablica de defesa de Disserta\u00e7\u00e3o de Mestrado"},"content":{"rendered":"<p>O Programa de P\u00f3s-Gradua\u00e7\u00e3o em Servi\u00e7o Social convida a comunidade acad\u00eamica para a Defesa P\u00fablica de Disserta\u00e7\u00e3o de Mestrado do discente <strong>Jos\u00e9 Leandro Alves Ferreira<\/strong>, que acontecer\u00e1 no dia <strong>30\u00a0de agosto<\/strong>, <strong>\u00e0s 14:00,<\/strong> na Sala 232 da Central Acad\u00eamica Paulo Freire.<\/p>\n<p><a href=\"https:\/\/pos-graduacao.uepb.edu.br\/ppgss\/files\/2023\/08\/Convite-Jose-Leandro-e1693316801588.jpg\"><img loading=\"lazy\" decoding=\"async\" class=\"alignleft wp-image-2141 img-responsive\" src=\"https:\/\/pos-graduacao.uepb.edu.br\/ppgss\/files\/2023\/08\/Convite-Jose-Leandro-724x1024.jpg\" alt=\"\" width=\"493\" height=\"697\" \/><\/a><\/p>\n<p>&nbsp;<\/p>\n","protected":false},"excerpt":{"rendered":"<p>O Programa de P\u00f3s-Gradua\u00e7\u00e3o em Servi\u00e7o Social convida a comunidade acad\u00eamica para a Defesa P\u00fablica de Disserta\u00e7\u00e3o de Mestrado do discente Jos\u00e9 Leandro Alves Ferreira, que acontecer\u00e1 no dia 30\u00a0de agosto, \u00e0s 14:00, na Sala 232 da Central Acad\u00eamica Paulo Freire. &nbsp;<\/p>\n","protected":false},"author":60,"featured_media":0,"comment_status":"open","ping_status":"open","sticky":false,"template":"","format":"standard","meta":{"footnotes":""},"categories":[5,13],"tags":[],"class_list":["post-2140","post","type-post","status-publish","format-standard","hentry","category-noticias","category-noticias-destaque"],"_links":{"self":[{"href":"https:\/\/pos-graduacao.uepb.edu.br\/ppgss\/wp-json\/wp\/v2\/posts\/2140","targetHints":{"allow":["GET"]}}],"collection":[{"href":"https:\/\/pos-graduacao.uepb.edu.br\/ppgss\/wp-json\/wp\/v2\/posts"}],"about":[{"href":"https:\/\/pos-graduacao.uepb.edu.br\/ppgss\/wp-json\/wp\/v2\/types\/post"}],"author":[{"embeddable":true,"href":"https:\/\/pos-graduacao.uepb.edu.br\/ppgss\/wp-json\/wp\/v2\/users\/60"}],"replies":[{"embeddable":true,"href":"https:\/\/pos-graduacao.uepb.edu.br\/ppgss\/wp-json\/wp\/v2\/comments?post=2140"}],"version-history":[{"count":1,"href":"https:\/\/pos-graduacao.uepb.edu.br\/ppgss\/wp-json\/wp\/v2\/posts\/2140\/revisions"}],"predecessor-version":[{"id":2142,"href":"https:\/\/pos-graduacao.uepb.edu.br\/ppgss\/wp-json\/wp\/v2\/posts\/2140\/revisions\/2142"}],"wp:attachment":[{"href":"https:\/\/pos-graduacao.uepb.edu.br\/ppgss\/wp-json\/wp\/v2\/media?parent=2140"}],"wp:term":[{"taxonomy":"category","embeddable":true,"href":"https:\/\/pos-graduacao.uepb.edu.br\/ppgss\/wp-json\/wp\/v2\/categories?post=2140"},{"taxonomy":"post_tag","embeddable":true,"href":"https:\/\/pos-graduacao.uepb.edu.br\/ppgss\/wp-json\/wp\/v2\/tags?post=2140"}],"curies":[{"name":"wp","href":"https:\/\/api.w.org\/{rel}","templated":true}]}}