{"id":2137,"date":"2023-08-28T18:58:51","date_gmt":"2023-08-28T18:58:51","guid":{"rendered":"https:\/\/pos-graduacao.uepb.edu.br\/ppgss\/?p=2137"},"modified":"2023-10-06T11:59:53","modified_gmt":"2023-10-06T11:59:53","slug":"91a-sessao-publica-de-defesa-de-dissertacao-de-mestrado","status":"publish","type":"post","link":"https:\/\/pos-graduacao.uepb.edu.br\/ppgss\/91a-sessao-publica-de-defesa-de-dissertacao-de-mestrado\/","title":{"rendered":"91\u00aa sess\u00e3o p\u00fablica de defesa de Disserta\u00e7\u00e3o de Mestrado"},"content":{"rendered":"<div>O Programa de P\u00f3s-Gradua\u00e7\u00e3o em Servi\u00e7o Social convida a comunidade acad\u00eamica para a Defesa P\u00fablica de Disserta\u00e7\u00e3o de Mestrado do discente\u00a0Francisco Alyson de Lima Silva, que acontecer\u00e1 no dia <strong>29 de agosto<\/strong>, <strong>\u00e0s 18:00,<\/strong> na Plataforma\u00a0<i>Google Meet,\u00a0<\/i>atrav\u00e9s do link:\u00a0<a href=\"https:\/\/meet.google.com\/yqm-juae-izh\">https:\/\/meet.google.com\/yqm-juae-izh<\/a>\u00a0<span style=\"color: #000000\">e, presencialmente, na Sala 352A da Central Acad\u00eamica Paulo Freire, pertencente ao GETRAPS.<\/span><\/div>\n<div><\/div>\n<div><a href=\"https:\/\/pos-graduacao.uepb.edu.br\/ppgss\/files\/2023\/08\/Convite-Francisco-Alyson-1-e1693229895241.jpg\"><img loading=\"lazy\" decoding=\"async\" class=\"alignleft wp-image-2138 img-responsive\" src=\"https:\/\/pos-graduacao.uepb.edu.br\/ppgss\/files\/2023\/08\/Convite-Francisco-Alyson-1-e1693229895241-724x1024.jpg\" alt=\"\" width=\"525\" height=\"743\" srcset=\"https:\/\/pos-graduacao.uepb.edu.br\/ppgss\/files\/2023\/08\/Convite-Francisco-Alyson-1-e1693229895241-724x1024.jpg 724w, https:\/\/pos-graduacao.uepb.edu.br\/ppgss\/files\/2023\/08\/Convite-Francisco-Alyson-1-e1693229895241-212x300.jpg 212w, https:\/\/pos-graduacao.uepb.edu.br\/ppgss\/files\/2023\/08\/Convite-Francisco-Alyson-1-e1693229895241-768x1087.jpg 768w, https:\/\/pos-graduacao.uepb.edu.br\/ppgss\/files\/2023\/08\/Convite-Francisco-Alyson-1-e1693229895241-370x524.jpg 370w, https:\/\/pos-graduacao.uepb.edu.br\/ppgss\/files\/2023\/08\/Convite-Francisco-Alyson-1-e1693229895241.jpg 800w\" sizes=\"auto, (max-width: 525px) 100vw, 525px\" \/><\/a><\/div>\n","protected":false},"excerpt":{"rendered":"<p>O Programa de P\u00f3s-Gradua\u00e7\u00e3o em Servi\u00e7o Social convida a comunidade acad\u00eamica para a Defesa P\u00fablica de Disserta\u00e7\u00e3o de Mestrado do discente\u00a0Francisco Alyson de Lima Silva, que acontecer\u00e1 no dia 29 de agosto, \u00e0s 18:00, na Plataforma\u00a0Google Meet,\u00a0atrav\u00e9s do link:\u00a0https:\/\/meet.google.com\/yqm-juae-izh\u00a0e, presencialmente, na Sala 352A da Central Acad\u00eamica Paulo Freire, pertencente ao GETRAPS.<\/p>\n","protected":false},"author":60,"featured_media":0,"comment_status":"open","ping_status":"open","sticky":false,"template":"","format":"standard","meta":{"footnotes":""},"categories":[5,13],"tags":[],"class_list":["post-2137","post","type-post","status-publish","format-standard","hentry","category-noticias","category-noticias-destaque"],"_links":{"self":[{"href":"https:\/\/pos-graduacao.uepb.edu.br\/ppgss\/wp-json\/wp\/v2\/posts\/2137","targetHints":{"allow":["GET"]}}],"collection":[{"href":"https:\/\/pos-graduacao.uepb.edu.br\/ppgss\/wp-json\/wp\/v2\/posts"}],"about":[{"href":"https:\/\/pos-graduacao.uepb.edu.br\/ppgss\/wp-json\/wp\/v2\/types\/post"}],"author":[{"embeddable":true,"href":"https:\/\/pos-graduacao.uepb.edu.br\/ppgss\/wp-json\/wp\/v2\/users\/60"}],"replies":[{"embeddable":true,"href":"https:\/\/pos-graduacao.uepb.edu.br\/ppgss\/wp-json\/wp\/v2\/comments?post=2137"}],"version-history":[{"count":1,"href":"https:\/\/pos-graduacao.uepb.edu.br\/ppgss\/wp-json\/wp\/v2\/posts\/2137\/revisions"}],"predecessor-version":[{"id":2139,"href":"https:\/\/pos-graduacao.uepb.edu.br\/ppgss\/wp-json\/wp\/v2\/posts\/2137\/revisions\/2139"}],"wp:attachment":[{"href":"https:\/\/pos-graduacao.uepb.edu.br\/ppgss\/wp-json\/wp\/v2\/media?parent=2137"}],"wp:term":[{"taxonomy":"category","embeddable":true,"href":"https:\/\/pos-graduacao.uepb.edu.br\/ppgss\/wp-json\/wp\/v2\/categories?post=2137"},{"taxonomy":"post_tag","embeddable":true,"href":"https:\/\/pos-graduacao.uepb.edu.br\/ppgss\/wp-json\/wp\/v2\/tags?post=2137"}],"curies":[{"name":"wp","href":"https:\/\/api.w.org\/{rel}","templated":true}]}}