{"id":2124,"date":"2023-08-22T15:41:36","date_gmt":"2023-08-22T15:41:36","guid":{"rendered":"https:\/\/pos-graduacao.uepb.edu.br\/ppgss\/?p=2124"},"modified":"2023-10-06T11:58:44","modified_gmt":"2023-10-06T11:58:44","slug":"88a-sessao-de-defesa-de-dissertacao-de-mestrado","status":"publish","type":"post","link":"https:\/\/pos-graduacao.uepb.edu.br\/ppgss\/88a-sessao-de-defesa-de-dissertacao-de-mestrado\/","title":{"rendered":"88\u00aa Sess\u00e3o p\u00fablica de defesa de Disserta\u00e7\u00e3o de Mestrado"},"content":{"rendered":"<p>O Programa de P\u00f3s-Gradua\u00e7\u00e3o em Servi\u00e7o Social convida a comunidade acad\u00eamica para a Defesa P\u00fablica de Disserta\u00e7\u00e3o de Mestrado da Discente <strong>U\u00e9lma Alexandre do Nascimento<\/strong>, que acontecer\u00e1 no dia<strong> 23 de agosto de 2023<\/strong>, \u00e0s <strong>14h00min<\/strong>, que acontecer\u00e1 na Plataforma\u00a0<i>Google Meet,\u00a0<\/i>atrav\u00e9s do link: <a href=\"https:\/\/meet.google.com\/koc-ohoq-kpf\">https:\/\/meet.google.com\/koc-ohoq-kpf<\/a><\/p>\n<p><a href=\"https:\/\/pos-graduacao.uepb.edu.br\/ppgss\/files\/2023\/08\/Convite-Uelma-1-e1692713982632.jpg\"><img loading=\"lazy\" decoding=\"async\" class=\"alignleft wp-image-2120 img-responsive\" src=\"https:\/\/pos-graduacao.uepb.edu.br\/ppgss\/files\/2023\/08\/Convite-Uelma-1-e1692713982632-724x1024.jpg\" alt=\"\" width=\"551\" height=\"779\" srcset=\"https:\/\/pos-graduacao.uepb.edu.br\/ppgss\/files\/2023\/08\/Convite-Uelma-1-e1692713982632-724x1024.jpg 724w, https:\/\/pos-graduacao.uepb.edu.br\/ppgss\/files\/2023\/08\/Convite-Uelma-1-e1692713982632-212x300.jpg 212w, https:\/\/pos-graduacao.uepb.edu.br\/ppgss\/files\/2023\/08\/Convite-Uelma-1-e1692713982632-768x1087.jpg 768w, https:\/\/pos-graduacao.uepb.edu.br\/ppgss\/files\/2023\/08\/Convite-Uelma-1-e1692713982632-370x524.jpg 370w, https:\/\/pos-graduacao.uepb.edu.br\/ppgss\/files\/2023\/08\/Convite-Uelma-1-e1692713982632.jpg 800w\" sizes=\"auto, (max-width: 551px) 100vw, 551px\" \/><\/a><\/p>\n<p>&nbsp;<\/p>\n","protected":false},"excerpt":{"rendered":"<p>O Programa de P\u00f3s-Gradua\u00e7\u00e3o em Servi\u00e7o Social convida a comunidade acad\u00eamica para a Defesa P\u00fablica de Disserta\u00e7\u00e3o de Mestrado da Discente U\u00e9lma Alexandre do Nascimento, que acontecer\u00e1 no dia 23 de agosto de 2023, \u00e0s 14h00min, que acontecer\u00e1 na Plataforma\u00a0Google Meet,\u00a0atrav\u00e9s do link: https:\/\/meet.google.com\/koc-ohoq-kpf &nbsp;<\/p>\n","protected":false},"author":60,"featured_media":0,"comment_status":"open","ping_status":"open","sticky":false,"template":"","format":"standard","meta":{"footnotes":""},"categories":[5,13],"tags":[],"class_list":["post-2124","post","type-post","status-publish","format-standard","hentry","category-noticias","category-noticias-destaque"],"_links":{"self":[{"href":"https:\/\/pos-graduacao.uepb.edu.br\/ppgss\/wp-json\/wp\/v2\/posts\/2124","targetHints":{"allow":["GET"]}}],"collection":[{"href":"https:\/\/pos-graduacao.uepb.edu.br\/ppgss\/wp-json\/wp\/v2\/posts"}],"about":[{"href":"https:\/\/pos-graduacao.uepb.edu.br\/ppgss\/wp-json\/wp\/v2\/types\/post"}],"author":[{"embeddable":true,"href":"https:\/\/pos-graduacao.uepb.edu.br\/ppgss\/wp-json\/wp\/v2\/users\/60"}],"replies":[{"embeddable":true,"href":"https:\/\/pos-graduacao.uepb.edu.br\/ppgss\/wp-json\/wp\/v2\/comments?post=2124"}],"version-history":[{"count":2,"href":"https:\/\/pos-graduacao.uepb.edu.br\/ppgss\/wp-json\/wp\/v2\/posts\/2124\/revisions"}],"predecessor-version":[{"id":2127,"href":"https:\/\/pos-graduacao.uepb.edu.br\/ppgss\/wp-json\/wp\/v2\/posts\/2124\/revisions\/2127"}],"wp:attachment":[{"href":"https:\/\/pos-graduacao.uepb.edu.br\/ppgss\/wp-json\/wp\/v2\/media?parent=2124"}],"wp:term":[{"taxonomy":"category","embeddable":true,"href":"https:\/\/pos-graduacao.uepb.edu.br\/ppgss\/wp-json\/wp\/v2\/categories?post=2124"},{"taxonomy":"post_tag","embeddable":true,"href":"https:\/\/pos-graduacao.uepb.edu.br\/ppgss\/wp-json\/wp\/v2\/tags?post=2124"}],"curies":[{"name":"wp","href":"https:\/\/api.w.org\/{rel}","templated":true}]}}