{"id":2103,"date":"2023-08-01T15:51:50","date_gmt":"2023-08-01T15:51:50","guid":{"rendered":"https:\/\/pos-graduacao.uepb.edu.br\/ppgss\/?p=2103"},"modified":"2023-10-06T11:58:22","modified_gmt":"2023-10-06T11:58:22","slug":"resultado-da-selecao-para-aluno-a-especial","status":"publish","type":"post","link":"https:\/\/pos-graduacao.uepb.edu.br\/ppgss\/resultado-da-selecao-para-aluno-a-especial\/","title":{"rendered":"Resultado da sele\u00e7\u00e3o para aluno\/a especial"},"content":{"rendered":"<p>O Programa de P\u00f3s-Gradua\u00e7\u00e3o em Servi\u00e7o Social da Universidade Estadual da Para\u00edba torna p\u00fablico o <strong>Resultado da Sele\u00e7\u00e3o para Aluno\/a Especial <\/strong>no semestre 2023.2.<\/p>\n<p>Para acessar o resultado, clique <a href=\"https:\/\/pos-graduacao.uepb.edu.br\/ppgss\/files\/2023\/08\/Resultado-Aluno-especial.pdf\">AQUI.<\/a><\/p>\n<p>Conforme Edital n\u00ba. 003\/2023, a matr\u00edcula dos\/as novos\/as discentes acontecer\u00e1 nos dias <strong>03<\/strong> e <strong>04 de agosto de 2023,\u00a0<\/strong>com a entrega da documenta\u00e7\u00e3o abaixo na <strong>Sala 309<\/strong> da Central Acad\u00eamica Paulo Freire, Campus I da UEPB, das <strong>8h00<\/strong> \u00e0s <strong>12h00<\/strong>.<\/p>\n<ul>\n<li>Formul\u00e1rio de cadastramento e formul\u00e1rio de matr\u00edcula (dispon\u00edvel para download no link: <a href=\"https:\/\/pos-graduacao.uepb.edu.br\/ppgss\/download\/formulario-de-cadastramento-e-matricula-de-aluno-especial\/\">https:\/\/pos-graduacao.uepb.edu.br\/ppgss\/download\/formulario-de-cadastramento-e-matricula-de-aluno-especial\/<\/a>)<\/li>\n<li>C\u00f3pia de documento de identifica\u00e7\u00e3o com foto;<\/li>\n<li>1 foto 3&#215;4;<\/li>\n<li>C\u00f3pia de diploma de conclus\u00e3o de curso de gradua\u00e7\u00e3o.<\/li>\n<\/ul>\n<p>&nbsp;<\/p>\n","protected":false},"excerpt":{"rendered":"<p>O Programa de P\u00f3s-Gradua\u00e7\u00e3o em Servi\u00e7o Social da Universidade Estadual da Para\u00edba torna p\u00fablico o Resultado da Sele\u00e7\u00e3o para Aluno\/a Especial no semestre 2023.2. Para acessar o resultado, clique AQUI. Conforme Edital n\u00ba. 003\/2023, a matr\u00edcula dos\/as novos\/as discentes acontecer\u00e1 nos dias 03 e 04 de agosto de 2023,\u00a0com a entrega da documenta\u00e7\u00e3o abaixo na <a class=\"leiamais\" href=\"https:\/\/pos-graduacao.uepb.edu.br\/ppgss\/resultado-da-selecao-para-aluno-a-especial\/\">Leia Mais&#8230;<\/a><\/p>\n","protected":false},"author":60,"featured_media":0,"comment_status":"open","ping_status":"open","sticky":false,"template":"","format":"standard","meta":{"footnotes":""},"categories":[5,13],"tags":[],"class_list":["post-2103","post","type-post","status-publish","format-standard","hentry","category-noticias","category-noticias-destaque"],"_links":{"self":[{"href":"https:\/\/pos-graduacao.uepb.edu.br\/ppgss\/wp-json\/wp\/v2\/posts\/2103","targetHints":{"allow":["GET"]}}],"collection":[{"href":"https:\/\/pos-graduacao.uepb.edu.br\/ppgss\/wp-json\/wp\/v2\/posts"}],"about":[{"href":"https:\/\/pos-graduacao.uepb.edu.br\/ppgss\/wp-json\/wp\/v2\/types\/post"}],"author":[{"embeddable":true,"href":"https:\/\/pos-graduacao.uepb.edu.br\/ppgss\/wp-json\/wp\/v2\/users\/60"}],"replies":[{"embeddable":true,"href":"https:\/\/pos-graduacao.uepb.edu.br\/ppgss\/wp-json\/wp\/v2\/comments?post=2103"}],"version-history":[{"count":1,"href":"https:\/\/pos-graduacao.uepb.edu.br\/ppgss\/wp-json\/wp\/v2\/posts\/2103\/revisions"}],"predecessor-version":[{"id":2109,"href":"https:\/\/pos-graduacao.uepb.edu.br\/ppgss\/wp-json\/wp\/v2\/posts\/2103\/revisions\/2109"}],"wp:attachment":[{"href":"https:\/\/pos-graduacao.uepb.edu.br\/ppgss\/wp-json\/wp\/v2\/media?parent=2103"}],"wp:term":[{"taxonomy":"category","embeddable":true,"href":"https:\/\/pos-graduacao.uepb.edu.br\/ppgss\/wp-json\/wp\/v2\/categories?post=2103"},{"taxonomy":"post_tag","embeddable":true,"href":"https:\/\/pos-graduacao.uepb.edu.br\/ppgss\/wp-json\/wp\/v2\/tags?post=2103"}],"curies":[{"name":"wp","href":"https:\/\/api.w.org\/{rel}","templated":true}]}}