{"id":208,"date":"2013-10-16T15:09:31","date_gmt":"2013-10-16T15:09:31","guid":{"rendered":"\/ppgss\/?p=208"},"modified":"2013-10-18T11:05:42","modified_gmt":"2013-10-18T11:05:42","slug":"encerramento-das-inscricoes-para-selecao-do-mestrado-em-servico-social-e-adiada-para-o-dia-21102013","status":"publish","type":"post","link":"https:\/\/pos-graduacao.uepb.edu.br\/ppgss\/encerramento-das-inscricoes-para-selecao-do-mestrado-em-servico-social-e-adiada-para-o-dia-21102013\/","title":{"rendered":"Encerramento das Inscri\u00e7\u00f5es para sele\u00e7\u00e3o do Mestrado em Servi\u00e7o Social \u00e9 adiada para o dia 21\/10\/2013"},"content":{"rendered":"<p><!--[if !mso]&gt;--><\/p>\n<p><!--[if gte mso 9]&gt;--><\/p>\n<p><!--[if gte mso 9]&gt;--><\/p>\n<p class=\"MsoNormal\" style=\"text-align: center\" align=\"center\"><span style=\"font-size: 12.0pt;line-height: 115%;font-family: 'Arial','sans-serif'\">\u00a0<\/span><\/p>\n<p class=\"MsoNormal\" style=\"margin-bottom: .0001pt;text-align: center;line-height: normal\" align=\"center\"><b><span style=\"text-decoration: underline\"><span style=\"font-size: 16.0pt;font-family: 'Arial','sans-serif';color: #333333\">COMUNICADO<\/span><\/span><\/b><\/p>\n<p class=\"MsoNormal\" style=\"text-align: center\" align=\"center\"><span style=\"font-size: 12.0pt;line-height: 115%;font-family: 'Arial','sans-serif'\">\u00a0<\/span><\/p>\n<p class=\"MsoNormal\" style=\"text-align: center\" align=\"center\"><span style=\"font-size: 12.0pt;line-height: 115%;font-family: 'Arial','sans-serif'\">\u00a0<\/span><\/p>\n<p class=\"MsoNormal\" style=\"text-align: center\" align=\"center\"><span style=\"font-size: 12.0pt;line-height: 115%;font-family: 'Arial','sans-serif'\">\u00a0<\/span><\/p>\n<p class=\"MsoNormal\" style=\"text-align: justify;text-indent: 35.4pt\"><span style=\"font-size: 12.0pt;line-height: 115%;font-family: 'Arial','sans-serif'\">O Programa de P\u00f3s-Gradua\u00e7\u00e3o em Servi\u00e7o Social comunica a todos que se interessarem, que fica prorrogada a inscri\u00e7\u00e3o da sele\u00e7\u00e3o 2014 at\u00e9 o dia 21 de outubro de 2013, das 08h \u00e0s 12h e das 14h \u00e0s 17h. Para maiores informa\u00e7\u00f5es entrar em contato no telefone 3344-5324.<\/span><\/p>\n<p class=\"MsoNormal\" style=\"text-align: justify\"><span style=\"font-size: 12.0pt;line-height: 115%;font-family: 'Arial','sans-serif'\">\u00a0<\/span><\/p>\n<p class=\"MsoNormal\" style=\"text-align: justify\"><span style=\"font-size: 12.0pt;line-height: 115%;font-family: 'Arial','sans-serif'\">\u00a0<\/span><\/p>\n<p class=\"MsoNormal\" style=\"text-align: justify\"><span style=\"font-size: 12.0pt;line-height: 115%;font-family: 'Arial','sans-serif'\">OBS: A inscri\u00e7\u00e3o realizada por via postal dever\u00e1 ser enviada via sedex at\u00e9 o dia 21 de outubro de 2013, at\u00e9 as 17h.<\/span><\/p>\n<p class=\"MsoNormal\" style=\"text-align: justify\"><span style=\"font-size: 12.0pt;line-height: 115%;font-family: 'Arial','sans-serif'\">\u00a0<\/span><\/p>\n<p class=\"MsoNormal\" style=\"text-align: justify;padding-left: 30px\"><span style=\"font-size: 12.0pt;line-height: 115%;font-family: 'Arial','sans-serif'\">\u00a0Atenciosamente,<br \/>\n<\/span><\/p>\n<p class=\"MsoNormal\" style=\"text-align: center;line-height: normal\" align=\"center\"><span style=\"font-family: 'Arial','sans-serif'\">Prof\u00aa Dr\u00aa Jordeana Davi Pereira<\/span><\/p>\n<p class=\"MsoNormal\" style=\"text-align: center;line-height: normal\" align=\"center\"><span style=\"font-family: 'Arial','sans-serif'\">Coordenadora do PPGSS<\/span><\/p>\n","protected":false},"excerpt":{"rendered":"<p>\u00a0 COMUNICADO \u00a0 \u00a0 \u00a0 O Programa de P\u00f3s-Gradua\u00e7\u00e3o em Servi\u00e7o Social comunica a todos que se interessarem, que fica prorrogada a inscri\u00e7\u00e3o da sele\u00e7\u00e3o 2014 at\u00e9 o dia 21 de outubro de 2013, das 08h \u00e0s 12h e das 14h \u00e0s 17h. Para maiores informa\u00e7\u00f5es entrar em contato no telefone 3344-5324. \u00a0 \u00a0 OBS: <a class=\"leiamais\" href=\"https:\/\/pos-graduacao.uepb.edu.br\/ppgss\/encerramento-das-inscricoes-para-selecao-do-mestrado-em-servico-social-e-adiada-para-o-dia-21102013\/\">Leia Mais&#8230;<\/a><\/p>\n","protected":false},"author":22,"featured_media":0,"comment_status":"open","ping_status":"open","sticky":false,"template":"","format":"standard","meta":{"footnotes":""},"categories":[5],"tags":[],"class_list":["post-208","post","type-post","status-publish","format-standard","hentry","category-noticias"],"_links":{"self":[{"href":"https:\/\/pos-graduacao.uepb.edu.br\/ppgss\/wp-json\/wp\/v2\/posts\/208","targetHints":{"allow":["GET"]}}],"collection":[{"href":"https:\/\/pos-graduacao.uepb.edu.br\/ppgss\/wp-json\/wp\/v2\/posts"}],"about":[{"href":"https:\/\/pos-graduacao.uepb.edu.br\/ppgss\/wp-json\/wp\/v2\/types\/post"}],"author":[{"embeddable":true,"href":"https:\/\/pos-graduacao.uepb.edu.br\/ppgss\/wp-json\/wp\/v2\/users\/22"}],"replies":[{"embeddable":true,"href":"https:\/\/pos-graduacao.uepb.edu.br\/ppgss\/wp-json\/wp\/v2\/comments?post=208"}],"version-history":[{"count":5,"href":"https:\/\/pos-graduacao.uepb.edu.br\/ppgss\/wp-json\/wp\/v2\/posts\/208\/revisions"}],"predecessor-version":[{"id":211,"href":"https:\/\/pos-graduacao.uepb.edu.br\/ppgss\/wp-json\/wp\/v2\/posts\/208\/revisions\/211"}],"wp:attachment":[{"href":"https:\/\/pos-graduacao.uepb.edu.br\/ppgss\/wp-json\/wp\/v2\/media?parent=208"}],"wp:term":[{"taxonomy":"category","embeddable":true,"href":"https:\/\/pos-graduacao.uepb.edu.br\/ppgss\/wp-json\/wp\/v2\/categories?post=208"},{"taxonomy":"post_tag","embeddable":true,"href":"https:\/\/pos-graduacao.uepb.edu.br\/ppgss\/wp-json\/wp\/v2\/tags?post=208"}],"curies":[{"name":"wp","href":"https:\/\/api.w.org\/{rel}","templated":true}]}}