{"id":2026,"date":"2023-05-15T13:45:07","date_gmt":"2023-05-15T13:45:07","guid":{"rendered":"https:\/\/pos-graduacao.uepb.edu.br\/ppgss\/?p=2026"},"modified":"2023-10-06T11:57:15","modified_gmt":"2023-10-06T11:57:15","slug":"nova-coordenacao-do-ppgss-toma-posse","status":"publish","type":"post","link":"https:\/\/pos-graduacao.uepb.edu.br\/ppgss\/nova-coordenacao-do-ppgss-toma-posse\/","title":{"rendered":"Nova coordena\u00e7\u00e3o do PPGSS toma posse"},"content":{"rendered":"<p>Em uma cerim\u00f4nia conjunta realizada entre os centros de Ci\u00eancias Sociais Aplicadas (CCSA) e de Educa\u00e7\u00e3o (CEDUC) no dia 5 de maio de 2023, a Universidade Estadual da Para\u00edba empossou as novas coordena\u00e7\u00f5es de curso e chefias de departamento dos diversos cursos pertencentes aos dois centros, dentre eles o curso de P\u00f3s-Gradua\u00e7\u00e3o em Servi\u00e7o Social, do CCSA\/UEPB. A solenidade aconteceu no Audit\u00f3rio II da Central Acad\u00eamica Paulo Freire e reuniu diversos membros da comunidade acad\u00eamica, pr\u00f3-reitores\/as, pr\u00f3-reitores\/as adjuntos\/as, diretores\/as e diretores\/as adjuntos\/as de Centros, t\u00e9cnicos\/as administrativos\/as, al\u00e9m da presen\u00e7a da Magn\u00edfica Reitora C\u00e9lia Regina Diniz.<\/p>\n<p>Durante o evento, em discurso, o Prof. Dr. Geraldo Medeiros Jr, despedindo-se do cargo de Diretor do CCSA, destaca a import\u00e2ncia do trabalho sempre conjunto realizado com os cursos de Administra\u00e7\u00e3o, Ci\u00eancias Cont\u00e1beis, Jornalismo e Servi\u00e7o Social e tamb\u00e9m com o CEDUC, agradece pelos resultados alcan\u00e7ados e deseja sucesso \u00e0s\/aos empossados\/as, com avan\u00e7os que possam melhorar o dia-a-dia de todos\/as.<\/p>\n<p>A atual coordenadora do Programa de P\u00f3s-Gradua\u00e7\u00e3o em Servi\u00e7o Social (PPGSS), Moema Am\u00e9lia Serpa Lopes de Souza, esteve presente para transmitir a lideran\u00e7a para a coordenadora e coordenadora adjunta eleitas, Alessandra Ximenes da Silva e Ter\u00e7alia Suassuna Vaz Lira, refor\u00e7ando\u00a0 o compromisso e apoio na transi\u00e7\u00e3o entre a gest\u00e3o anterior e a gest\u00e3o empossada.<\/p>\n<p>A nova coordena\u00e7\u00e3o do curso de P\u00f3s-Gradua\u00e7\u00e3o em Servi\u00e7o Social da Universidade Estadual da Para\u00edba assume o compromisso de continuar promovendo a qualidade e a relev\u00e2ncia do ensino e da pesquisa nessa \u00e1rea, contribuindo para a forma\u00e7\u00e3o de profissionais capacitados e engajados com as demandas sociais.<\/p>\n<p><a href=\"https:\/\/pos-graduacao.uepb.edu.br\/ppgss\/files\/2023\/05\/08930a19-af26-4f86-bef1-3a9d752feaf1-1.jpg\"><img loading=\"lazy\" decoding=\"async\" class=\"wp-image-2038 alignleft img-responsive\" src=\"https:\/\/pos-graduacao.uepb.edu.br\/ppgss\/files\/2023\/05\/08930a19-af26-4f86-bef1-3a9d752feaf1-1-612x1024.jpg\" alt=\"\" width=\"235\" height=\"393\" srcset=\"https:\/\/pos-graduacao.uepb.edu.br\/ppgss\/files\/2023\/05\/08930a19-af26-4f86-bef1-3a9d752feaf1-1-612x1024.jpg 612w, https:\/\/pos-graduacao.uepb.edu.br\/ppgss\/files\/2023\/05\/08930a19-af26-4f86-bef1-3a9d752feaf1-1-179x300.jpg 179w, https:\/\/pos-graduacao.uepb.edu.br\/ppgss\/files\/2023\/05\/08930a19-af26-4f86-bef1-3a9d752feaf1-1-370x619.jpg 370w, https:\/\/pos-graduacao.uepb.edu.br\/ppgss\/files\/2023\/05\/08930a19-af26-4f86-bef1-3a9d752feaf1-1.jpg 622w\" sizes=\"auto, (max-width: 235px) 100vw, 235px\" \/><\/a><\/p>\n<p><a href=\"https:\/\/pos-graduacao.uepb.edu.br\/ppgss\/files\/2023\/05\/IMG-2278-scaled.jpg\"><img loading=\"lazy\" decoding=\"async\" class=\"alignleft wp-image-2048 img-responsive\" src=\"https:\/\/pos-graduacao.uepb.edu.br\/ppgss\/files\/2023\/05\/IMG-2278-576x1024.jpg\" alt=\"\" width=\"220\" height=\"391\" \/><\/a><a href=\"https:\/\/pos-graduacao.uepb.edu.br\/ppgss\/files\/2023\/05\/IMG-2281-scaled.jpg\"><img loading=\"lazy\" decoding=\"async\" class=\"alignleft wp-image-2034 img-responsive\" src=\"https:\/\/pos-graduacao.uepb.edu.br\/ppgss\/files\/2023\/05\/IMG-2281-576x1024.jpg\" alt=\"\" width=\"218\" height=\"387\" srcset=\"https:\/\/pos-graduacao.uepb.edu.br\/ppgss\/files\/2023\/05\/IMG-2281-576x1024.jpg 576w, https:\/\/pos-graduacao.uepb.edu.br\/ppgss\/files\/2023\/05\/IMG-2281-169x300.jpg 169w, https:\/\/pos-graduacao.uepb.edu.br\/ppgss\/files\/2023\/05\/IMG-2281-768x1365.jpg 768w, https:\/\/pos-graduacao.uepb.edu.br\/ppgss\/files\/2023\/05\/IMG-2281-864x1536.jpg 864w, https:\/\/pos-graduacao.uepb.edu.br\/ppgss\/files\/2023\/05\/IMG-2281-1152x2048.jpg 1152w, https:\/\/pos-graduacao.uepb.edu.br\/ppgss\/files\/2023\/05\/IMG-2281-370x658.jpg 370w, https:\/\/pos-graduacao.uepb.edu.br\/ppgss\/files\/2023\/05\/IMG-2281-840x1493.jpg 840w, https:\/\/pos-graduacao.uepb.edu.br\/ppgss\/files\/2023\/05\/IMG-2281-scaled.jpg 1440w\" sizes=\"auto, (max-width: 218px) 100vw, 218px\" \/><\/a><\/p>\n","protected":false},"excerpt":{"rendered":"<p>Em uma cerim\u00f4nia conjunta realizada entre os centros de Ci\u00eancias Sociais Aplicadas (CCSA) e de Educa\u00e7\u00e3o (CEDUC) no dia 5 de maio de 2023, a Universidade Estadual da Para\u00edba empossou as novas coordena\u00e7\u00f5es de curso e chefias de departamento dos diversos cursos pertencentes aos dois centros, dentre eles o curso de P\u00f3s-Gradua\u00e7\u00e3o em Servi\u00e7o Social, <a class=\"leiamais\" href=\"https:\/\/pos-graduacao.uepb.edu.br\/ppgss\/nova-coordenacao-do-ppgss-toma-posse\/\">Leia Mais&#8230;<\/a><\/p>\n","protected":false},"author":60,"featured_media":0,"comment_status":"open","ping_status":"open","sticky":false,"template":"","format":"standard","meta":{"footnotes":""},"categories":[5,13],"tags":[],"class_list":["post-2026","post","type-post","status-publish","format-standard","hentry","category-noticias","category-noticias-destaque"],"_links":{"self":[{"href":"https:\/\/pos-graduacao.uepb.edu.br\/ppgss\/wp-json\/wp\/v2\/posts\/2026","targetHints":{"allow":["GET"]}}],"collection":[{"href":"https:\/\/pos-graduacao.uepb.edu.br\/ppgss\/wp-json\/wp\/v2\/posts"}],"about":[{"href":"https:\/\/pos-graduacao.uepb.edu.br\/ppgss\/wp-json\/wp\/v2\/types\/post"}],"author":[{"embeddable":true,"href":"https:\/\/pos-graduacao.uepb.edu.br\/ppgss\/wp-json\/wp\/v2\/users\/60"}],"replies":[{"embeddable":true,"href":"https:\/\/pos-graduacao.uepb.edu.br\/ppgss\/wp-json\/wp\/v2\/comments?post=2026"}],"version-history":[{"count":10,"href":"https:\/\/pos-graduacao.uepb.edu.br\/ppgss\/wp-json\/wp\/v2\/posts\/2026\/revisions"}],"predecessor-version":[{"id":2052,"href":"https:\/\/pos-graduacao.uepb.edu.br\/ppgss\/wp-json\/wp\/v2\/posts\/2026\/revisions\/2052"}],"wp:attachment":[{"href":"https:\/\/pos-graduacao.uepb.edu.br\/ppgss\/wp-json\/wp\/v2\/media?parent=2026"}],"wp:term":[{"taxonomy":"category","embeddable":true,"href":"https:\/\/pos-graduacao.uepb.edu.br\/ppgss\/wp-json\/wp\/v2\/categories?post=2026"},{"taxonomy":"post_tag","embeddable":true,"href":"https:\/\/pos-graduacao.uepb.edu.br\/ppgss\/wp-json\/wp\/v2\/tags?post=2026"}],"curies":[{"name":"wp","href":"https:\/\/api.w.org\/{rel}","templated":true}]}}