{"id":2002,"date":"2023-04-17T15:39:01","date_gmt":"2023-04-17T15:39:01","guid":{"rendered":"https:\/\/pos-graduacao.uepb.edu.br\/ppgss\/?p=2002"},"modified":"2023-10-06T11:55:50","modified_gmt":"2023-10-06T11:55:50","slug":"aula-inaugural","status":"publish","type":"post","link":"https:\/\/pos-graduacao.uepb.edu.br\/ppgss\/aula-inaugural\/","title":{"rendered":"Aula Inaugural"},"content":{"rendered":"<p style=\"font-weight: 400\"><a href=\"https:\/\/pos-graduacao.uepb.edu.br\/ppgss\/files\/2023\/04\/PHOTO-2023-04-18-16-28-42-e1683891315384.jpg\"><img loading=\"lazy\" decoding=\"async\" class=\"alignleft wp-image-2008 img-responsive\" src=\"https:\/\/pos-graduacao.uepb.edu.br\/ppgss\/files\/2023\/04\/PHOTO-2023-04-18-16-28-42-723x1024.jpg\" alt=\"\" width=\"482\" height=\"683\" \/><\/a>Nesta quinta-feira, dia 20 de abril de 2023, \u00e0s 14h30min, o Programa de P\u00f3s-Gradua\u00e7\u00e3o em Servi\u00e7o Social realizar\u00e1 a Aula Inaugural do Semestre Letivo 2023.1, que ser\u00e1 proferida pela <strong>Dr.\u00aa Eliane Santos de Assis (PUC-SP),<\/strong>\u00a0com o tema \u201c<strong>Desafios ao Servi\u00e7o Social brasileiro na constru\u00e7\u00e3o de uma agenda efetivamente antirracista, para compreender e enfrentar a Quest\u00e3o Social<\/strong>\u201d.<\/p>\n<p style=\"font-weight: 400\">Essa Aula Inaugural estrear\u00e1 o\u00a0<strong>ciclo de atividades permanentes<\/strong>\u00a0que ser\u00e3o desenvolvidas pelo Programa, ao longo do ano de 2023, em comemora\u00e7\u00e3o aos seus dez anos de exist\u00eancia, construindo conhecimento; interiorizando o ensino de p\u00f3s-gradua\u00e7\u00e3o na \u00e1rea do Servi\u00e7o Social; preparando quadros docentes e oferecendo qualifica\u00e7\u00e3o continuada aos Assistentes Sociais da Para\u00edba e do Nordeste, visando a uma atua\u00e7\u00e3o profissional comprometida e capacitada para o fortalecimento das pol\u00edticas sociais, bem como para o desenvolvimento local, estadual, regional e nacional.<\/p>\n<p style=\"font-weight: 400\">O PPGSS\/UEPB tem a satisfa\u00e7\u00e3o de convidar todas(os) as(os) docentes e discentes da gradua\u00e7\u00e3o e da p\u00f3s-gradua\u00e7\u00e3o em Servi\u00e7o Social, as(os) profissionais de Servi\u00e7o Social e demais interessados(as) a assistirem \u00e0 aula, na modalidade remota, atrav\u00e9s do canal do Programa no Youtube:\u00a0<a href=\"https:\/\/www.youtube.com\/channel\/UCAxSxD_lmH1zxuLQ0X8Idyw\" data-saferedirecturl=\"https:\/\/www.google.com\/url?q=https:\/\/www.youtube.com\/channel\/UCAxSxD_lmH1zxuLQ0X8Idyw&amp;source=gmail&amp;ust=1681832258273000&amp;usg=AOvVaw3f100iwBaygxXT5tVwVM1s\">PPGSS e DSS da UEPB nas redes \u2013 YouTube.<\/a><\/p>\n","protected":false},"excerpt":{"rendered":"<p>Nesta quinta-feira, dia 20 de abril de 2023, \u00e0s 14h30min, o Programa de P\u00f3s-Gradua\u00e7\u00e3o em Servi\u00e7o Social realizar\u00e1 a Aula Inaugural do Semestre Letivo 2023.1, que ser\u00e1 proferida pela Dr.\u00aa Eliane Santos de Assis (PUC-SP),\u00a0com o tema \u201cDesafios ao Servi\u00e7o Social brasileiro na constru\u00e7\u00e3o de uma agenda efetivamente antirracista, para compreender e enfrentar a Quest\u00e3o <a class=\"leiamais\" href=\"https:\/\/pos-graduacao.uepb.edu.br\/ppgss\/aula-inaugural\/\">Leia Mais&#8230;<\/a><\/p>\n","protected":false},"author":60,"featured_media":0,"comment_status":"open","ping_status":"open","sticky":false,"template":"","format":"standard","meta":{"footnotes":""},"categories":[5,13],"tags":[],"class_list":["post-2002","post","type-post","status-publish","format-standard","hentry","category-noticias","category-noticias-destaque"],"_links":{"self":[{"href":"https:\/\/pos-graduacao.uepb.edu.br\/ppgss\/wp-json\/wp\/v2\/posts\/2002","targetHints":{"allow":["GET"]}}],"collection":[{"href":"https:\/\/pos-graduacao.uepb.edu.br\/ppgss\/wp-json\/wp\/v2\/posts"}],"about":[{"href":"https:\/\/pos-graduacao.uepb.edu.br\/ppgss\/wp-json\/wp\/v2\/types\/post"}],"author":[{"embeddable":true,"href":"https:\/\/pos-graduacao.uepb.edu.br\/ppgss\/wp-json\/wp\/v2\/users\/60"}],"replies":[{"embeddable":true,"href":"https:\/\/pos-graduacao.uepb.edu.br\/ppgss\/wp-json\/wp\/v2\/comments?post=2002"}],"version-history":[{"count":6,"href":"https:\/\/pos-graduacao.uepb.edu.br\/ppgss\/wp-json\/wp\/v2\/posts\/2002\/revisions"}],"predecessor-version":[{"id":2042,"href":"https:\/\/pos-graduacao.uepb.edu.br\/ppgss\/wp-json\/wp\/v2\/posts\/2002\/revisions\/2042"}],"wp:attachment":[{"href":"https:\/\/pos-graduacao.uepb.edu.br\/ppgss\/wp-json\/wp\/v2\/media?parent=2002"}],"wp:term":[{"taxonomy":"category","embeddable":true,"href":"https:\/\/pos-graduacao.uepb.edu.br\/ppgss\/wp-json\/wp\/v2\/categories?post=2002"},{"taxonomy":"post_tag","embeddable":true,"href":"https:\/\/pos-graduacao.uepb.edu.br\/ppgss\/wp-json\/wp\/v2\/tags?post=2002"}],"curies":[{"name":"wp","href":"https:\/\/api.w.org\/{rel}","templated":true}]}}