{"id":1988,"date":"2023-03-30T12:41:01","date_gmt":"2023-03-30T12:41:01","guid":{"rendered":"https:\/\/pos-graduacao.uepb.edu.br\/ppgss\/?p=1988"},"modified":"2023-03-29T15:19:30","modified_gmt":"2023-03-29T15:19:30","slug":"82a-sessao-publica-de-dissertacao-de-mestrado","status":"publish","type":"post","link":"https:\/\/pos-graduacao.uepb.edu.br\/ppgss\/82a-sessao-publica-de-dissertacao-de-mestrado\/","title":{"rendered":"82\u00aa Sess\u00e3o p\u00fablica de Disserta\u00e7\u00e3o de Mestrado"},"content":{"rendered":"<p>O Programa de P\u00f3s-Gradua\u00e7\u00e3o em Servi\u00e7o Social convida a comunidade acad\u00eamica para a Defesa P\u00fablica de Disserta\u00e7\u00e3o de Mestrado da Discente <strong>Mairan Rangel Agra<\/strong>, que acontecer\u00e1 no dia<strong> 31 de mar\u00e7o de 2023<\/strong>, \u00e0s <strong>14h30min<\/strong>, na plataforma <em>Google Meet<\/em>, atrav\u00e9s do <em>link: <\/em><a href=\"https:\/\/meet.google.com\/zby-xsaj-kpv\">https:\/\/meet.google.com\/zby-xsaj-kpv<\/a><\/p>\n<p>&nbsp;<\/p>\n<p><a href=\"https:\/\/pos-graduacao.uepb.edu.br\/ppgss\/files\/2023\/03\/Convite-Mairan.jpg\"><img loading=\"lazy\" decoding=\"async\" class=\"alignleft size-large wp-image-1989 img-responsive\" src=\"https:\/\/pos-graduacao.uepb.edu.br\/ppgss\/files\/2023\/03\/Convite-Mairan-724x1024.jpg\" alt=\"\" width=\"724\" height=\"1024\" srcset=\"https:\/\/pos-graduacao.uepb.edu.br\/ppgss\/files\/2023\/03\/Convite-Mairan-724x1024.jpg 724w, https:\/\/pos-graduacao.uepb.edu.br\/ppgss\/files\/2023\/03\/Convite-Mairan-212x300.jpg 212w, https:\/\/pos-graduacao.uepb.edu.br\/ppgss\/files\/2023\/03\/Convite-Mairan-768x1086.jpg 768w, https:\/\/pos-graduacao.uepb.edu.br\/ppgss\/files\/2023\/03\/Convite-Mairan-1086x1536.jpg 1086w, https:\/\/pos-graduacao.uepb.edu.br\/ppgss\/files\/2023\/03\/Convite-Mairan-370x523.jpg 370w, https:\/\/pos-graduacao.uepb.edu.br\/ppgss\/files\/2023\/03\/Convite-Mairan-840x1188.jpg 840w, https:\/\/pos-graduacao.uepb.edu.br\/ppgss\/files\/2023\/03\/Convite-Mairan.jpg 1414w\" sizes=\"auto, (max-width: 724px) 100vw, 724px\" \/><\/a><\/p>\n","protected":false},"excerpt":{"rendered":"<p>O Programa de P\u00f3s-Gradua\u00e7\u00e3o em Servi\u00e7o Social convida a comunidade acad\u00eamica para a Defesa P\u00fablica de Disserta\u00e7\u00e3o de Mestrado da Discente Mairan Rangel Agra, que acontecer\u00e1 no dia 31 de mar\u00e7o de 2023, \u00e0s 14h30min, na plataforma Google Meet, atrav\u00e9s do link: https:\/\/meet.google.com\/zby-xsaj-kpv &nbsp;<\/p>\n","protected":false},"author":60,"featured_media":0,"comment_status":"open","ping_status":"open","sticky":false,"template":"","format":"standard","meta":{"footnotes":""},"categories":[5,13],"tags":[],"class_list":["post-1988","post","type-post","status-publish","format-standard","hentry","category-noticias","category-noticias-destaque"],"_links":{"self":[{"href":"https:\/\/pos-graduacao.uepb.edu.br\/ppgss\/wp-json\/wp\/v2\/posts\/1988","targetHints":{"allow":["GET"]}}],"collection":[{"href":"https:\/\/pos-graduacao.uepb.edu.br\/ppgss\/wp-json\/wp\/v2\/posts"}],"about":[{"href":"https:\/\/pos-graduacao.uepb.edu.br\/ppgss\/wp-json\/wp\/v2\/types\/post"}],"author":[{"embeddable":true,"href":"https:\/\/pos-graduacao.uepb.edu.br\/ppgss\/wp-json\/wp\/v2\/users\/60"}],"replies":[{"embeddable":true,"href":"https:\/\/pos-graduacao.uepb.edu.br\/ppgss\/wp-json\/wp\/v2\/comments?post=1988"}],"version-history":[{"count":1,"href":"https:\/\/pos-graduacao.uepb.edu.br\/ppgss\/wp-json\/wp\/v2\/posts\/1988\/revisions"}],"predecessor-version":[{"id":1990,"href":"https:\/\/pos-graduacao.uepb.edu.br\/ppgss\/wp-json\/wp\/v2\/posts\/1988\/revisions\/1990"}],"wp:attachment":[{"href":"https:\/\/pos-graduacao.uepb.edu.br\/ppgss\/wp-json\/wp\/v2\/media?parent=1988"}],"wp:term":[{"taxonomy":"category","embeddable":true,"href":"https:\/\/pos-graduacao.uepb.edu.br\/ppgss\/wp-json\/wp\/v2\/categories?post=1988"},{"taxonomy":"post_tag","embeddable":true,"href":"https:\/\/pos-graduacao.uepb.edu.br\/ppgss\/wp-json\/wp\/v2\/tags?post=1988"}],"curies":[{"name":"wp","href":"https:\/\/api.w.org\/{rel}","templated":true}]}}