{"id":1985,"date":"2023-03-29T12:12:33","date_gmt":"2023-03-29T12:12:33","guid":{"rendered":"https:\/\/pos-graduacao.uepb.edu.br\/ppgss\/?p=1985"},"modified":"2023-03-28T13:15:04","modified_gmt":"2023-03-28T13:15:04","slug":"81a-sessao-publica-de-defesa-de-dissertacao-de-mestrado","status":"publish","type":"post","link":"https:\/\/pos-graduacao.uepb.edu.br\/ppgss\/81a-sessao-publica-de-defesa-de-dissertacao-de-mestrado\/","title":{"rendered":"81\u00aa Sess\u00e3o p\u00fablica de defesa de Disserta\u00e7\u00e3o de Mestrado"},"content":{"rendered":"<p>O Programa de P\u00f3s-Gradua\u00e7\u00e3o em Servi\u00e7o Social convida a comunidade acad\u00eamica para a Defesa P\u00fablica de Disserta\u00e7\u00e3o de Mestrado da Discente <strong>Jessika Cristina Silva Santos<\/strong>, que acontecer\u00e1 no dia<strong> 30 de mar\u00e7o de 2023<\/strong>, \u00e0s <strong>14h00min<\/strong>, na plataforma <em>Google Meet<\/em>, atrav\u00e9s do <em>link: <\/em><a href=\"https:\/\/meet.google.com\/aau-ewfk-dof\">https:\/\/meet.google.com\/aau-ewfk-dof<\/a><\/p>\n<p>&nbsp;<\/p>\n<p><a href=\"https:\/\/pos-graduacao.uepb.edu.br\/ppgss\/files\/2023\/03\/Convite-Jessika.jpg\"><img loading=\"lazy\" decoding=\"async\" class=\"alignleft size-large wp-image-1986 img-responsive\" src=\"https:\/\/pos-graduacao.uepb.edu.br\/ppgss\/files\/2023\/03\/Convite-Jessika-724x1024.jpg\" alt=\"\" width=\"724\" height=\"1024\" srcset=\"https:\/\/pos-graduacao.uepb.edu.br\/ppgss\/files\/2023\/03\/Convite-Jessika-724x1024.jpg 724w, https:\/\/pos-graduacao.uepb.edu.br\/ppgss\/files\/2023\/03\/Convite-Jessika-212x300.jpg 212w, https:\/\/pos-graduacao.uepb.edu.br\/ppgss\/files\/2023\/03\/Convite-Jessika-768x1086.jpg 768w, https:\/\/pos-graduacao.uepb.edu.br\/ppgss\/files\/2023\/03\/Convite-Jessika-1086x1536.jpg 1086w, https:\/\/pos-graduacao.uepb.edu.br\/ppgss\/files\/2023\/03\/Convite-Jessika-370x523.jpg 370w, https:\/\/pos-graduacao.uepb.edu.br\/ppgss\/files\/2023\/03\/Convite-Jessika-840x1188.jpg 840w, https:\/\/pos-graduacao.uepb.edu.br\/ppgss\/files\/2023\/03\/Convite-Jessika.jpg 1414w\" sizes=\"auto, (max-width: 724px) 100vw, 724px\" \/><\/a><\/p>\n","protected":false},"excerpt":{"rendered":"<p>O Programa de P\u00f3s-Gradua\u00e7\u00e3o em Servi\u00e7o Social convida a comunidade acad\u00eamica para a Defesa P\u00fablica de Disserta\u00e7\u00e3o de Mestrado da Discente Jessika Cristina Silva Santos, que acontecer\u00e1 no dia 30 de mar\u00e7o de 2023, \u00e0s 14h00min, na plataforma Google Meet, atrav\u00e9s do link: https:\/\/meet.google.com\/aau-ewfk-dof &nbsp;<\/p>\n","protected":false},"author":60,"featured_media":0,"comment_status":"open","ping_status":"open","sticky":false,"template":"","format":"standard","meta":{"footnotes":""},"categories":[5,13],"tags":[],"class_list":["post-1985","post","type-post","status-publish","format-standard","hentry","category-noticias","category-noticias-destaque"],"_links":{"self":[{"href":"https:\/\/pos-graduacao.uepb.edu.br\/ppgss\/wp-json\/wp\/v2\/posts\/1985","targetHints":{"allow":["GET"]}}],"collection":[{"href":"https:\/\/pos-graduacao.uepb.edu.br\/ppgss\/wp-json\/wp\/v2\/posts"}],"about":[{"href":"https:\/\/pos-graduacao.uepb.edu.br\/ppgss\/wp-json\/wp\/v2\/types\/post"}],"author":[{"embeddable":true,"href":"https:\/\/pos-graduacao.uepb.edu.br\/ppgss\/wp-json\/wp\/v2\/users\/60"}],"replies":[{"embeddable":true,"href":"https:\/\/pos-graduacao.uepb.edu.br\/ppgss\/wp-json\/wp\/v2\/comments?post=1985"}],"version-history":[{"count":1,"href":"https:\/\/pos-graduacao.uepb.edu.br\/ppgss\/wp-json\/wp\/v2\/posts\/1985\/revisions"}],"predecessor-version":[{"id":1987,"href":"https:\/\/pos-graduacao.uepb.edu.br\/ppgss\/wp-json\/wp\/v2\/posts\/1985\/revisions\/1987"}],"wp:attachment":[{"href":"https:\/\/pos-graduacao.uepb.edu.br\/ppgss\/wp-json\/wp\/v2\/media?parent=1985"}],"wp:term":[{"taxonomy":"category","embeddable":true,"href":"https:\/\/pos-graduacao.uepb.edu.br\/ppgss\/wp-json\/wp\/v2\/categories?post=1985"},{"taxonomy":"post_tag","embeddable":true,"href":"https:\/\/pos-graduacao.uepb.edu.br\/ppgss\/wp-json\/wp\/v2\/tags?post=1985"}],"curies":[{"name":"wp","href":"https:\/\/api.w.org\/{rel}","templated":true}]}}