{"id":1975,"date":"2023-03-28T10:00:27","date_gmt":"2023-03-28T10:00:27","guid":{"rendered":"https:\/\/pos-graduacao.uepb.edu.br\/ppgss\/?p=1975"},"modified":"2023-03-28T11:36:18","modified_gmt":"2023-03-28T11:36:18","slug":"79a-sessao-publica-de-defesa-de-dissertacao-de-mestrado","status":"publish","type":"post","link":"https:\/\/pos-graduacao.uepb.edu.br\/ppgss\/79a-sessao-publica-de-defesa-de-dissertacao-de-mestrado\/","title":{"rendered":"79\u00aa Sess\u00e3o p\u00fablica de defesa de Disserta\u00e7\u00e3o de Mestrado"},"content":{"rendered":"<p>O Programa de P\u00f3s-Gradua\u00e7\u00e3o em Servi\u00e7o Social convida a comunidade acad\u00eamica para a Defesa P\u00fablica de Disserta\u00e7\u00e3o de Mestrado da Discente <strong>Maria Geremias da Silva<\/strong>, que acontecer\u00e1 no dia<strong> 29 de mar\u00e7o de 2023<\/strong>, \u00e0s <strong>16h00min<\/strong>, na plataforma <em>Google Meet<\/em>, atrav\u00e9s do <em>link: <\/em><a href=\"https:\/\/meet.google.com\/saq-hvno-ejs\">https:\/\/meet.google.com\/saq-hvno-ejs<\/a><\/p>\n<p>&nbsp;<\/p>\n<p><a href=\"https:\/\/pos-graduacao.uepb.edu.br\/ppgss\/files\/2023\/03\/Convite-Maria-Geremias.jpg\"><img loading=\"lazy\" decoding=\"async\" class=\"alignleft size-large wp-image-1976 img-responsive\" src=\"https:\/\/pos-graduacao.uepb.edu.br\/ppgss\/files\/2023\/03\/Convite-Maria-Geremias-724x1024.jpg\" alt=\"\" width=\"724\" height=\"1024\" srcset=\"https:\/\/pos-graduacao.uepb.edu.br\/ppgss\/files\/2023\/03\/Convite-Maria-Geremias-724x1024.jpg 724w, https:\/\/pos-graduacao.uepb.edu.br\/ppgss\/files\/2023\/03\/Convite-Maria-Geremias-212x300.jpg 212w, https:\/\/pos-graduacao.uepb.edu.br\/ppgss\/files\/2023\/03\/Convite-Maria-Geremias-768x1086.jpg 768w, https:\/\/pos-graduacao.uepb.edu.br\/ppgss\/files\/2023\/03\/Convite-Maria-Geremias-1086x1536.jpg 1086w, https:\/\/pos-graduacao.uepb.edu.br\/ppgss\/files\/2023\/03\/Convite-Maria-Geremias-370x523.jpg 370w, https:\/\/pos-graduacao.uepb.edu.br\/ppgss\/files\/2023\/03\/Convite-Maria-Geremias-840x1188.jpg 840w, https:\/\/pos-graduacao.uepb.edu.br\/ppgss\/files\/2023\/03\/Convite-Maria-Geremias.jpg 1414w\" sizes=\"auto, (max-width: 724px) 100vw, 724px\" \/><\/a><\/p>\n","protected":false},"excerpt":{"rendered":"<p>O Programa de P\u00f3s-Gradua\u00e7\u00e3o em Servi\u00e7o Social convida a comunidade acad\u00eamica para a Defesa P\u00fablica de Disserta\u00e7\u00e3o de Mestrado da Discente Maria Geremias da Silva, que acontecer\u00e1 no dia 29 de mar\u00e7o de 2023, \u00e0s 16h00min, na plataforma Google Meet, atrav\u00e9s do link: https:\/\/meet.google.com\/saq-hvno-ejs &nbsp;<\/p>\n","protected":false},"author":60,"featured_media":0,"comment_status":"open","ping_status":"open","sticky":false,"template":"","format":"standard","meta":{"footnotes":""},"categories":[5,13],"tags":[],"class_list":["post-1975","post","type-post","status-publish","format-standard","hentry","category-noticias","category-noticias-destaque"],"_links":{"self":[{"href":"https:\/\/pos-graduacao.uepb.edu.br\/ppgss\/wp-json\/wp\/v2\/posts\/1975","targetHints":{"allow":["GET"]}}],"collection":[{"href":"https:\/\/pos-graduacao.uepb.edu.br\/ppgss\/wp-json\/wp\/v2\/posts"}],"about":[{"href":"https:\/\/pos-graduacao.uepb.edu.br\/ppgss\/wp-json\/wp\/v2\/types\/post"}],"author":[{"embeddable":true,"href":"https:\/\/pos-graduacao.uepb.edu.br\/ppgss\/wp-json\/wp\/v2\/users\/60"}],"replies":[{"embeddable":true,"href":"https:\/\/pos-graduacao.uepb.edu.br\/ppgss\/wp-json\/wp\/v2\/comments?post=1975"}],"version-history":[{"count":1,"href":"https:\/\/pos-graduacao.uepb.edu.br\/ppgss\/wp-json\/wp\/v2\/posts\/1975\/revisions"}],"predecessor-version":[{"id":1977,"href":"https:\/\/pos-graduacao.uepb.edu.br\/ppgss\/wp-json\/wp\/v2\/posts\/1975\/revisions\/1977"}],"wp:attachment":[{"href":"https:\/\/pos-graduacao.uepb.edu.br\/ppgss\/wp-json\/wp\/v2\/media?parent=1975"}],"wp:term":[{"taxonomy":"category","embeddable":true,"href":"https:\/\/pos-graduacao.uepb.edu.br\/ppgss\/wp-json\/wp\/v2\/categories?post=1975"},{"taxonomy":"post_tag","embeddable":true,"href":"https:\/\/pos-graduacao.uepb.edu.br\/ppgss\/wp-json\/wp\/v2\/tags?post=1975"}],"curies":[{"name":"wp","href":"https:\/\/api.w.org\/{rel}","templated":true}]}}