{"id":1920,"date":"2022-12-15T13:05:26","date_gmt":"2022-12-15T13:05:26","guid":{"rendered":"https:\/\/pos-graduacao.uepb.edu.br\/ppgss\/?p=1920"},"modified":"2022-12-15T13:05:48","modified_gmt":"2022-12-15T13:05:48","slug":"74a-sessao-de-defesa-publica-de-dissertacao-de-mestrado","status":"publish","type":"post","link":"https:\/\/pos-graduacao.uepb.edu.br\/ppgss\/74a-sessao-de-defesa-publica-de-dissertacao-de-mestrado\/","title":{"rendered":"74\u00aa Sess\u00e3o de defesa p\u00fablica de Disserta\u00e7\u00e3o de Mestrado"},"content":{"rendered":"<p>O Programa de P\u00f3s-Gradua\u00e7\u00e3o em Servi\u00e7o Social convida a comunidade acad\u00eamica para a Defesa P\u00fablica de Disserta\u00e7\u00e3o de Mestrado do Discente <strong>Magno da N\u00f3brega Lisboa<\/strong>, que acontecer\u00e1 no dia<strong> 19 de dezembro de 2022<\/strong>, \u00e0s <strong>15h00min<\/strong>, na plataforma <em>Google Meet<\/em>, atrav\u00e9s do <em>link<\/em>:\u00a0 <a href=\"https:\/\/meet.google.com\/ofv-zdjj-xzx\">https:\/\/meet.google.com\/ofv-zdjj-xzx<\/a><\/p>\n<p><a href=\"https:\/\/pos-graduacao.uepb.edu.br\/ppgss\/files\/2022\/12\/Novo-convite-de-defesa.jpg\"><img loading=\"lazy\" decoding=\"async\" class=\"alignleft size-large wp-image-1921 img-responsive\" src=\"https:\/\/pos-graduacao.uepb.edu.br\/ppgss\/files\/2022\/12\/Novo-convite-de-defesa-724x1024.jpg\" alt=\"\" width=\"724\" height=\"1024\" srcset=\"https:\/\/pos-graduacao.uepb.edu.br\/ppgss\/files\/2022\/12\/Novo-convite-de-defesa-724x1024.jpg 724w, https:\/\/pos-graduacao.uepb.edu.br\/ppgss\/files\/2022\/12\/Novo-convite-de-defesa-212x300.jpg 212w, https:\/\/pos-graduacao.uepb.edu.br\/ppgss\/files\/2022\/12\/Novo-convite-de-defesa-768x1086.jpg 768w, https:\/\/pos-graduacao.uepb.edu.br\/ppgss\/files\/2022\/12\/Novo-convite-de-defesa-1086x1536.jpg 1086w, https:\/\/pos-graduacao.uepb.edu.br\/ppgss\/files\/2022\/12\/Novo-convite-de-defesa-370x523.jpg 370w, https:\/\/pos-graduacao.uepb.edu.br\/ppgss\/files\/2022\/12\/Novo-convite-de-defesa-840x1188.jpg 840w, https:\/\/pos-graduacao.uepb.edu.br\/ppgss\/files\/2022\/12\/Novo-convite-de-defesa.jpg 1414w\" sizes=\"auto, (max-width: 724px) 100vw, 724px\" \/><\/a><\/p>\n","protected":false},"excerpt":{"rendered":"<p>O Programa de P\u00f3s-Gradua\u00e7\u00e3o em Servi\u00e7o Social convida a comunidade acad\u00eamica para a Defesa P\u00fablica de Disserta\u00e7\u00e3o de Mestrado do Discente Magno da N\u00f3brega Lisboa, que acontecer\u00e1 no dia 19 de dezembro de 2022, \u00e0s 15h00min, na plataforma Google Meet, atrav\u00e9s do link:\u00a0 https:\/\/meet.google.com\/ofv-zdjj-xzx<\/p>\n","protected":false},"author":60,"featured_media":0,"comment_status":"open","ping_status":"open","sticky":false,"template":"","format":"standard","meta":{"footnotes":""},"categories":[5,13],"tags":[],"class_list":["post-1920","post","type-post","status-publish","format-standard","hentry","category-noticias","category-noticias-destaque"],"_links":{"self":[{"href":"https:\/\/pos-graduacao.uepb.edu.br\/ppgss\/wp-json\/wp\/v2\/posts\/1920","targetHints":{"allow":["GET"]}}],"collection":[{"href":"https:\/\/pos-graduacao.uepb.edu.br\/ppgss\/wp-json\/wp\/v2\/posts"}],"about":[{"href":"https:\/\/pos-graduacao.uepb.edu.br\/ppgss\/wp-json\/wp\/v2\/types\/post"}],"author":[{"embeddable":true,"href":"https:\/\/pos-graduacao.uepb.edu.br\/ppgss\/wp-json\/wp\/v2\/users\/60"}],"replies":[{"embeddable":true,"href":"https:\/\/pos-graduacao.uepb.edu.br\/ppgss\/wp-json\/wp\/v2\/comments?post=1920"}],"version-history":[{"count":2,"href":"https:\/\/pos-graduacao.uepb.edu.br\/ppgss\/wp-json\/wp\/v2\/posts\/1920\/revisions"}],"predecessor-version":[{"id":1923,"href":"https:\/\/pos-graduacao.uepb.edu.br\/ppgss\/wp-json\/wp\/v2\/posts\/1920\/revisions\/1923"}],"wp:attachment":[{"href":"https:\/\/pos-graduacao.uepb.edu.br\/ppgss\/wp-json\/wp\/v2\/media?parent=1920"}],"wp:term":[{"taxonomy":"category","embeddable":true,"href":"https:\/\/pos-graduacao.uepb.edu.br\/ppgss\/wp-json\/wp\/v2\/categories?post=1920"},{"taxonomy":"post_tag","embeddable":true,"href":"https:\/\/pos-graduacao.uepb.edu.br\/ppgss\/wp-json\/wp\/v2\/tags?post=1920"}],"curies":[{"name":"wp","href":"https:\/\/api.w.org\/{rel}","templated":true}]}}