{"id":1861,"date":"2022-11-03T18:34:26","date_gmt":"2022-11-03T18:34:26","guid":{"rendered":"https:\/\/pos-graduacao.uepb.edu.br\/ppgss\/?p=1861"},"modified":"2022-11-03T18:34:50","modified_gmt":"2022-11-03T18:34:50","slug":"processo-seletivo-2023-convocacao-para-a-etapa-1-do-ps-2023","status":"publish","type":"post","link":"https:\/\/pos-graduacao.uepb.edu.br\/ppgss\/processo-seletivo-2023-convocacao-para-a-etapa-1-do-ps-2023\/","title":{"rendered":"Processo Seletivo 2023 &#8211; Convoca\u00e7\u00e3o para a Etapa 1, prova de conhecimentos espec\u00edficos"},"content":{"rendered":"<p>A Coordena\u00e7\u00e3o do Programa de P\u00f3s-Gradua\u00e7\u00e3o em Servi\u00e7o Social e a Comiss\u00e3o de Sele\u00e7\u00e3o do Processo Seletivo para a Turma 2023 de Mestrado convocam as candidatas e os candidatos que tiveram suas inscri\u00e7\u00f5es homologadas para comparecerem, no dia <strong>07 de novembro de 2022<\/strong>, na <strong>Sala 234<\/strong> da Central Acad\u00eamica Paulo Freire (<em>Campus I<\/em> &#8211; Campina Grande) para o cumprimento da <strong>Etapa 1<\/strong> \u00a0&#8211; Prova de Conhecimentos Espec\u00edficos &#8211; da sele\u00e7\u00e3o.<\/p>\n<p>A aplica\u00e7\u00e3o da prova ter\u00e1 in\u00edcio \u00e0s <strong>14h00\u00a0<\/strong>e t\u00e9rmino \u00e0s <strong>18h00<\/strong>.<\/p>\n<p>A lista de inscri\u00e7\u00f5es homologadas, publicada no dia 24 de outubro de 2022, pode ser acessada atrav\u00e9s do link:<\/p>\n<p><a href=\"https:\/\/pos-graduacao.uepb.edu.br\/ppgss\/files\/2022\/10\/Inscricoes-homologadas-Turma-2023.pdf\">https:\/\/pos-graduacao.uepb.edu.br\/ppgss\/files\/2022\/10\/Inscricoes-homologadas-Turma-2023.pdf<\/a><\/p>\n<p>&nbsp;<\/p>\n","protected":false},"excerpt":{"rendered":"<p>A Coordena\u00e7\u00e3o do Programa de P\u00f3s-Gradua\u00e7\u00e3o em Servi\u00e7o Social e a Comiss\u00e3o de Sele\u00e7\u00e3o do Processo Seletivo para a Turma 2023 de Mestrado convocam as candidatas e os candidatos que tiveram suas inscri\u00e7\u00f5es homologadas para comparecerem, no dia 07 de novembro de 2022, na Sala 234 da Central Acad\u00eamica Paulo Freire (Campus I &#8211; Campina <a class=\"leiamais\" href=\"https:\/\/pos-graduacao.uepb.edu.br\/ppgss\/processo-seletivo-2023-convocacao-para-a-etapa-1-do-ps-2023\/\">Leia Mais&#8230;<\/a><\/p>\n","protected":false},"author":60,"featured_media":0,"comment_status":"open","ping_status":"open","sticky":false,"template":"","format":"standard","meta":{"footnotes":""},"categories":[5,13],"tags":[],"class_list":["post-1861","post","type-post","status-publish","format-standard","hentry","category-noticias","category-noticias-destaque"],"_links":{"self":[{"href":"https:\/\/pos-graduacao.uepb.edu.br\/ppgss\/wp-json\/wp\/v2\/posts\/1861","targetHints":{"allow":["GET"]}}],"collection":[{"href":"https:\/\/pos-graduacao.uepb.edu.br\/ppgss\/wp-json\/wp\/v2\/posts"}],"about":[{"href":"https:\/\/pos-graduacao.uepb.edu.br\/ppgss\/wp-json\/wp\/v2\/types\/post"}],"author":[{"embeddable":true,"href":"https:\/\/pos-graduacao.uepb.edu.br\/ppgss\/wp-json\/wp\/v2\/users\/60"}],"replies":[{"embeddable":true,"href":"https:\/\/pos-graduacao.uepb.edu.br\/ppgss\/wp-json\/wp\/v2\/comments?post=1861"}],"version-history":[{"count":3,"href":"https:\/\/pos-graduacao.uepb.edu.br\/ppgss\/wp-json\/wp\/v2\/posts\/1861\/revisions"}],"predecessor-version":[{"id":1864,"href":"https:\/\/pos-graduacao.uepb.edu.br\/ppgss\/wp-json\/wp\/v2\/posts\/1861\/revisions\/1864"}],"wp:attachment":[{"href":"https:\/\/pos-graduacao.uepb.edu.br\/ppgss\/wp-json\/wp\/v2\/media?parent=1861"}],"wp:term":[{"taxonomy":"category","embeddable":true,"href":"https:\/\/pos-graduacao.uepb.edu.br\/ppgss\/wp-json\/wp\/v2\/categories?post=1861"},{"taxonomy":"post_tag","embeddable":true,"href":"https:\/\/pos-graduacao.uepb.edu.br\/ppgss\/wp-json\/wp\/v2\/tags?post=1861"}],"curies":[{"name":"wp","href":"https:\/\/api.w.org\/{rel}","templated":true}]}}