{"id":1811,"date":"2022-08-15T12:46:26","date_gmt":"2022-08-15T12:46:26","guid":{"rendered":"https:\/\/pos-graduacao.uepb.edu.br\/ppgss\/?p=1811"},"modified":"2022-08-15T12:46:26","modified_gmt":"2022-08-15T12:46:26","slug":"edital-no-02-2022-aluno-especial-da-disciplina-questao-social-dos-fundamentos-as-expressoes-contemporaneas-topico-especial","status":"publish","type":"post","link":"https:\/\/pos-graduacao.uepb.edu.br\/ppgss\/edital-no-02-2022-aluno-especial-da-disciplina-questao-social-dos-fundamentos-as-expressoes-contemporaneas-topico-especial\/","title":{"rendered":"Edital n\u00ba 02\/2022 &#8211; Aluno Especial da disciplina &#8220;Quest\u00e3o Social: dos Fundamentos \u00e0s Express\u00f5es Contempor\u00e2neas (T\u00f3pico Especial)&#8221;"},"content":{"rendered":"<p>A Coordena\u00e7\u00e3o do Programa de P\u00f3s-Gradua\u00e7\u00e3o em Servi\u00e7o Social torna p\u00fablico o Edital n\u00ba. 02\/2022 &#8211; <strong>Sele\u00e7\u00e3o para Aluno\/a Especial da disciplina &#8220;Quest\u00e3o Social: dos Fundamentos \u00e0s Express\u00f5es Contempor\u00e2neas (T\u00f3pico Especial)&#8221;<\/strong>.\u00a0 Est\u00e3o sendo ofertadas 05 vagas e as inscri\u00e7\u00f5es poder\u00e3o ser realizadas at\u00e9 o dia<strong> 19 de agosto de 2022.<\/strong><\/p>\n<p>Para acessar o Edital com detalhes sobre a sele\u00e7\u00e3o clique <a href=\"https:\/\/pos-graduacao.uepb.edu.br\/ppgss\/files\/2022\/08\/Edital-de-Selecao-Para-Aluno-Especial-Questao-Social.pdf\">AQUI<\/a> e, para acessar o formul\u00e1rio de inscri\u00e7\u00e3o (Anexo I) e Carta de Justificativa (Anexo II) em formato edit\u00e1vel, clique <a href=\"https:\/\/pos-graduacao.uepb.edu.br\/ppgss\/files\/2022\/08\/Anexos-Edital-Aluno-Especial-1.docx\">AQUI.<\/a><\/p>\n","protected":false},"excerpt":{"rendered":"<p>A Coordena\u00e7\u00e3o do Programa de P\u00f3s-Gradua\u00e7\u00e3o em Servi\u00e7o Social torna p\u00fablico o Edital n\u00ba. 02\/2022 &#8211; Sele\u00e7\u00e3o para Aluno\/a Especial da disciplina &#8220;Quest\u00e3o Social: dos Fundamentos \u00e0s Express\u00f5es Contempor\u00e2neas (T\u00f3pico Especial)&#8221;.\u00a0 Est\u00e3o sendo ofertadas 05 vagas e as inscri\u00e7\u00f5es poder\u00e3o ser realizadas at\u00e9 o dia 19 de agosto de 2022. Para acessar o Edital com <a class=\"leiamais\" href=\"https:\/\/pos-graduacao.uepb.edu.br\/ppgss\/edital-no-02-2022-aluno-especial-da-disciplina-questao-social-dos-fundamentos-as-expressoes-contemporaneas-topico-especial\/\">Leia Mais&#8230;<\/a><\/p>\n","protected":false},"author":60,"featured_media":0,"comment_status":"open","ping_status":"open","sticky":false,"template":"","format":"standard","meta":{"footnotes":""},"categories":[5,13],"tags":[],"class_list":["post-1811","post","type-post","status-publish","format-standard","hentry","category-noticias","category-noticias-destaque"],"_links":{"self":[{"href":"https:\/\/pos-graduacao.uepb.edu.br\/ppgss\/wp-json\/wp\/v2\/posts\/1811","targetHints":{"allow":["GET"]}}],"collection":[{"href":"https:\/\/pos-graduacao.uepb.edu.br\/ppgss\/wp-json\/wp\/v2\/posts"}],"about":[{"href":"https:\/\/pos-graduacao.uepb.edu.br\/ppgss\/wp-json\/wp\/v2\/types\/post"}],"author":[{"embeddable":true,"href":"https:\/\/pos-graduacao.uepb.edu.br\/ppgss\/wp-json\/wp\/v2\/users\/60"}],"replies":[{"embeddable":true,"href":"https:\/\/pos-graduacao.uepb.edu.br\/ppgss\/wp-json\/wp\/v2\/comments?post=1811"}],"version-history":[{"count":1,"href":"https:\/\/pos-graduacao.uepb.edu.br\/ppgss\/wp-json\/wp\/v2\/posts\/1811\/revisions"}],"predecessor-version":[{"id":1814,"href":"https:\/\/pos-graduacao.uepb.edu.br\/ppgss\/wp-json\/wp\/v2\/posts\/1811\/revisions\/1814"}],"wp:attachment":[{"href":"https:\/\/pos-graduacao.uepb.edu.br\/ppgss\/wp-json\/wp\/v2\/media?parent=1811"}],"wp:term":[{"taxonomy":"category","embeddable":true,"href":"https:\/\/pos-graduacao.uepb.edu.br\/ppgss\/wp-json\/wp\/v2\/categories?post=1811"},{"taxonomy":"post_tag","embeddable":true,"href":"https:\/\/pos-graduacao.uepb.edu.br\/ppgss\/wp-json\/wp\/v2\/tags?post=1811"}],"curies":[{"name":"wp","href":"https:\/\/api.w.org\/{rel}","templated":true}]}}