{"id":1795,"date":"2022-08-02T18:44:17","date_gmt":"2022-08-02T18:44:17","guid":{"rendered":"https:\/\/pos-graduacao.uepb.edu.br\/ppgss\/?p=1795"},"modified":"2023-10-06T12:03:07","modified_gmt":"2023-10-06T12:03:07","slug":"edital-de-selecao-para-aluno-a-especial","status":"publish","type":"post","link":"https:\/\/pos-graduacao.uepb.edu.br\/ppgss\/edital-de-selecao-para-aluno-a-especial\/","title":{"rendered":"Edital de Sele\u00e7\u00e3o para Aluno\/a Especial"},"content":{"rendered":"<p>A Coordena\u00e7\u00e3o do Programa de P\u00f3s-Gradua\u00e7\u00e3o em Servi\u00e7o Social torna p\u00fablico o Edital n\u00ba. 01\/2022 &#8211; <strong>Sele\u00e7\u00e3o para Aluno\/a Especial<\/strong>.\u00a0 Est\u00e3o sendo ofertadas 14 vagas, sendo cinco para a disciplina \u201cTeoria Marxista da Depend\u00eancia\u201d, e nove para a disciplina \u201cG\u00eanero, Etnia\/Ra\u00e7a, Gera\u00e7\u00f5es e Diversidade Cultural\u201d. As inscri\u00e7\u00f5es poder\u00e3o ser realizadas at\u00e9 o dia<strong> 15 de agosto de 2022.<\/strong><\/p>\n<p>Para acessar o Edital com detalhes sobre a sele\u00e7\u00e3o clique <a href=\"https:\/\/pos-graduacao.uepb.edu.br\/ppgss\/files\/2022\/08\/Edital-de-Selecao-Para-Aluno-Especial-2022-2.pdf\">AQUI<\/a> e, para acessar o formul\u00e1rio de inscri\u00e7\u00e3o (Anexo I) e Carta de Justificativa (Anexo II) em formato edit\u00e1vel, clique <a href=\"https:\/\/pos-graduacao.uepb.edu.br\/ppgss\/files\/2022\/08\/Anexos-Edital-Aluno-Especial.docx\">AQUI.<\/a><\/p>\n","protected":false},"excerpt":{"rendered":"<p>A Coordena\u00e7\u00e3o do Programa de P\u00f3s-Gradua\u00e7\u00e3o em Servi\u00e7o Social torna p\u00fablico o Edital n\u00ba. 01\/2022 &#8211; Sele\u00e7\u00e3o para Aluno\/a Especial.\u00a0 Est\u00e3o sendo ofertadas 14 vagas, sendo cinco para a disciplina \u201cTeoria Marxista da Depend\u00eancia\u201d, e nove para a disciplina \u201cG\u00eanero, Etnia\/Ra\u00e7a, Gera\u00e7\u00f5es e Diversidade Cultural\u201d. As inscri\u00e7\u00f5es poder\u00e3o ser realizadas at\u00e9 o dia 15 de <a class=\"leiamais\" href=\"https:\/\/pos-graduacao.uepb.edu.br\/ppgss\/edital-de-selecao-para-aluno-a-especial\/\">Leia Mais&#8230;<\/a><\/p>\n","protected":false},"author":60,"featured_media":0,"comment_status":"open","ping_status":"open","sticky":false,"template":"","format":"standard","meta":{"footnotes":""},"categories":[5,13],"tags":[],"class_list":["post-1795","post","type-post","status-publish","format-standard","hentry","category-noticias","category-noticias-destaque"],"_links":{"self":[{"href":"https:\/\/pos-graduacao.uepb.edu.br\/ppgss\/wp-json\/wp\/v2\/posts\/1795","targetHints":{"allow":["GET"]}}],"collection":[{"href":"https:\/\/pos-graduacao.uepb.edu.br\/ppgss\/wp-json\/wp\/v2\/posts"}],"about":[{"href":"https:\/\/pos-graduacao.uepb.edu.br\/ppgss\/wp-json\/wp\/v2\/types\/post"}],"author":[{"embeddable":true,"href":"https:\/\/pos-graduacao.uepb.edu.br\/ppgss\/wp-json\/wp\/v2\/users\/60"}],"replies":[{"embeddable":true,"href":"https:\/\/pos-graduacao.uepb.edu.br\/ppgss\/wp-json\/wp\/v2\/comments?post=1795"}],"version-history":[{"count":1,"href":"https:\/\/pos-graduacao.uepb.edu.br\/ppgss\/wp-json\/wp\/v2\/posts\/1795\/revisions"}],"predecessor-version":[{"id":1798,"href":"https:\/\/pos-graduacao.uepb.edu.br\/ppgss\/wp-json\/wp\/v2\/posts\/1795\/revisions\/1798"}],"wp:attachment":[{"href":"https:\/\/pos-graduacao.uepb.edu.br\/ppgss\/wp-json\/wp\/v2\/media?parent=1795"}],"wp:term":[{"taxonomy":"category","embeddable":true,"href":"https:\/\/pos-graduacao.uepb.edu.br\/ppgss\/wp-json\/wp\/v2\/categories?post=1795"},{"taxonomy":"post_tag","embeddable":true,"href":"https:\/\/pos-graduacao.uepb.edu.br\/ppgss\/wp-json\/wp\/v2\/tags?post=1795"}],"curies":[{"name":"wp","href":"https:\/\/api.w.org\/{rel}","templated":true}]}}