{"id":1782,"date":"2022-06-29T15:57:09","date_gmt":"2022-06-29T15:57:09","guid":{"rendered":"https:\/\/pos-graduacao.uepb.edu.br\/ppgss\/?p=1782"},"modified":"2022-06-30T13:00:39","modified_gmt":"2022-06-30T13:00:39","slug":"minicurso-neoliberalismo-e-criminalizacao-da-pobreza-implicacoes-na-protecao-social-a-infancia-e-adolescencia-no-brasil","status":"publish","type":"post","link":"https:\/\/pos-graduacao.uepb.edu.br\/ppgss\/minicurso-neoliberalismo-e-criminalizacao-da-pobreza-implicacoes-na-protecao-social-a-infancia-e-adolescencia-no-brasil\/","title":{"rendered":"Minicurso &#8220;Neoliberalismo e criminaliza\u00e7\u00e3o da pobreza: implica\u00e7\u00f5es na prote\u00e7\u00e3o social \u00e0 inf\u00e2ncia e adolesc\u00eancia no Brasil&#8221;"},"content":{"rendered":"<p>O N\u00facleo de Pesquisa e Extens\u00e3o Comunit\u00e1ria Infanto &#8211; Juvenil &#8211; NUPECIJ, sob a Coordena\u00e7\u00e3o da Prof.\u00aa Dr.\u00aa Ter\u00e7alia Suassuna Vaz Lira e colabora\u00e7\u00e3o de discentes do Mestrado em Servi\u00e7o Social da UEPB realizar\u00e1, no pr\u00f3ximo dia <strong>08 de julho de 2022,<\/strong> a partir das <strong>9h00<\/strong>, no <strong>Audit\u00f3rio I da Central de Integra\u00e7\u00e3o Acad\u00eamica Paulo Freire &#8211; CAPF<\/strong>, a abertura das atividades referentes ao minicurso: &#8220;Neoliberalismo e criminaliza\u00e7\u00e3o da pobreza: implica\u00e7\u00f5es na prote\u00e7\u00e3o social \u00e0 inf\u00e2ncia e adolesc\u00eancia no Brasil&#8221;. Para a ocasi\u00e3o da abertura, est\u00e3o sendo programadas apresenta\u00e7\u00f5es culturais, forma\u00e7\u00e3o de mesa de debates com docentes da Gradua\u00e7\u00e3o e P\u00f3s-Gradua\u00e7\u00e3o em Servi\u00e7o Social e a realiza\u00e7\u00e3o da palestra, atrav\u00e9s de ambiente remoto, do <strong>Prof. Dr. Andr\u00e9 Viana Cust\u00f3dio, <\/strong>da Universidade de Santa Cruz do Sul &#8211; UNISC, cujo tema ser\u00e1: &#8220;Criminaliza\u00e7\u00e3o da pobreza e exclus\u00e3o social: implica\u00e7\u00f5es para inf\u00e2ncia e adolesc\u00eancia&#8221;.\u00a0 A palestra de abertura ser\u00e1 aberta para o p\u00fablico geral e, para os que n\u00e3o puderem comparecer presencialmente ao Audit\u00f3rio, haver\u00e1 transmiss\u00e3o atrav\u00e9s do canal do YouTube: REDE UEPB.<\/p>\n<p>Al\u00e9m da abertura, est\u00e3o programadas atividades para os dias <strong>12, 13, 19 e 20 de julho, <\/strong>a partir das<strong> 14hoo, <\/strong>no Audit\u00f3rio I da CAPF, com oferta de 40 vagas &#8211; <strong>apenas para estudantes de Servi\u00e7o Social<\/strong> &#8211; e certifica\u00e7\u00e3o de 30 horas. Para essas datas, ser\u00e1 necess\u00e1rio realizar inscri\u00e7\u00e3o atrav\u00e9s do link a seguir &gt; <a href=\"https:\/\/docs.google.com\/forms\/d\/e\/1FAIpQLScQjt4Y45xJg8kFezFox7_AhwsXeDqXzFGtI1BbUBAknO7Vqg\/viewform\">Inscri\u00e7\u00f5es para minicurso.<\/a><\/p>\n<p>Os detalhes da programa\u00e7\u00e3o do minicurso podem ser visualizados abaixo e as d\u00favidas podem ser encaminhadas para o NUPECIJ atrav\u00e9s do perfil do Instagram <strong>@nupecijuepb.<\/strong><\/p>\n<p><a href=\"https:\/\/pos-graduacao.uepb.edu.br\/ppgss\/files\/2022\/06\/IMG_9555.jpg\"><img loading=\"lazy\" decoding=\"async\" class=\"aligncenter wp-image-1788 img-responsive\" src=\"https:\/\/pos-graduacao.uepb.edu.br\/ppgss\/files\/2022\/06\/IMG_9555.jpg\" alt=\"\" width=\"650\" height=\"883\" srcset=\"https:\/\/pos-graduacao.uepb.edu.br\/ppgss\/files\/2022\/06\/IMG_9555.jpg 750w, https:\/\/pos-graduacao.uepb.edu.br\/ppgss\/files\/2022\/06\/IMG_9555-221x300.jpg 221w, https:\/\/pos-graduacao.uepb.edu.br\/ppgss\/files\/2022\/06\/IMG_9555-370x503.jpg 370w\" sizes=\"auto, (max-width: 650px) 100vw, 650px\" \/><\/a><a href=\"https:\/\/pos-graduacao.uepb.edu.br\/ppgss\/files\/2022\/06\/Divulgacao-minicurso_page-0001.jpg\"><img loading=\"lazy\" decoding=\"async\" class=\"aligncenter wp-image-1785 img-responsive\" src=\"https:\/\/pos-graduacao.uepb.edu.br\/ppgss\/files\/2022\/06\/Divulgacao-minicurso_page-0001-724x1024.jpg\" alt=\"\" width=\"641\" height=\"907\" srcset=\"https:\/\/pos-graduacao.uepb.edu.br\/ppgss\/files\/2022\/06\/Divulgacao-minicurso_page-0001-724x1024.jpg 724w, https:\/\/pos-graduacao.uepb.edu.br\/ppgss\/files\/2022\/06\/Divulgacao-minicurso_page-0001-212x300.jpg 212w, https:\/\/pos-graduacao.uepb.edu.br\/ppgss\/files\/2022\/06\/Divulgacao-minicurso_page-0001-768x1087.jpg 768w, https:\/\/pos-graduacao.uepb.edu.br\/ppgss\/files\/2022\/06\/Divulgacao-minicurso_page-0001-1085x1536.jpg 1085w, https:\/\/pos-graduacao.uepb.edu.br\/ppgss\/files\/2022\/06\/Divulgacao-minicurso_page-0001-370x524.jpg 370w, https:\/\/pos-graduacao.uepb.edu.br\/ppgss\/files\/2022\/06\/Divulgacao-minicurso_page-0001-840x1189.jpg 840w, https:\/\/pos-graduacao.uepb.edu.br\/ppgss\/files\/2022\/06\/Divulgacao-minicurso_page-0001.jpg 1240w\" sizes=\"auto, (max-width: 641px) 100vw, 641px\" \/><\/a><a href=\"https:\/\/pos-graduacao.uepb.edu.br\/ppgss\/files\/2022\/06\/PHOTO-2022-06-29-22-21-30.jpg\"><img loading=\"lazy\" decoding=\"async\" class=\"aligncenter wp-image-1791 img-responsive\" src=\"https:\/\/pos-graduacao.uepb.edu.br\/ppgss\/files\/2022\/06\/PHOTO-2022-06-29-22-21-30-724x1024.jpg\" alt=\"\" width=\"621\" height=\"879\" srcset=\"https:\/\/pos-graduacao.uepb.edu.br\/ppgss\/files\/2022\/06\/PHOTO-2022-06-29-22-21-30-724x1024.jpg 724w, https:\/\/pos-graduacao.uepb.edu.br\/ppgss\/files\/2022\/06\/PHOTO-2022-06-29-22-21-30-212x300.jpg 212w, https:\/\/pos-graduacao.uepb.edu.br\/ppgss\/files\/2022\/06\/PHOTO-2022-06-29-22-21-30-768x1086.jpg 768w, https:\/\/pos-graduacao.uepb.edu.br\/ppgss\/files\/2022\/06\/PHOTO-2022-06-29-22-21-30-1086x1536.jpg 1086w, https:\/\/pos-graduacao.uepb.edu.br\/ppgss\/files\/2022\/06\/PHOTO-2022-06-29-22-21-30-370x523.jpg 370w, https:\/\/pos-graduacao.uepb.edu.br\/ppgss\/files\/2022\/06\/PHOTO-2022-06-29-22-21-30-840x1188.jpg 840w, https:\/\/pos-graduacao.uepb.edu.br\/ppgss\/files\/2022\/06\/PHOTO-2022-06-29-22-21-30.jpg 1131w\" sizes=\"auto, (max-width: 621px) 100vw, 621px\" \/><\/a><\/p>\n<p>&nbsp;<\/p>\n","protected":false},"excerpt":{"rendered":"<p>O N\u00facleo de Pesquisa e Extens\u00e3o Comunit\u00e1ria Infanto &#8211; Juvenil &#8211; NUPECIJ, sob a Coordena\u00e7\u00e3o da Prof.\u00aa Dr.\u00aa Ter\u00e7alia Suassuna Vaz Lira e colabora\u00e7\u00e3o de discentes do Mestrado em Servi\u00e7o Social da UEPB realizar\u00e1, no pr\u00f3ximo dia 08 de julho de 2022, a partir das 9h00, no Audit\u00f3rio I da Central de Integra\u00e7\u00e3o Acad\u00eamica Paulo <a class=\"leiamais\" href=\"https:\/\/pos-graduacao.uepb.edu.br\/ppgss\/minicurso-neoliberalismo-e-criminalizacao-da-pobreza-implicacoes-na-protecao-social-a-infancia-e-adolescencia-no-brasil\/\">Leia Mais&#8230;<\/a><\/p>\n","protected":false},"author":60,"featured_media":0,"comment_status":"open","ping_status":"open","sticky":false,"template":"","format":"standard","meta":{"footnotes":""},"categories":[5,13],"tags":[],"class_list":["post-1782","post","type-post","status-publish","format-standard","hentry","category-noticias","category-noticias-destaque"],"_links":{"self":[{"href":"https:\/\/pos-graduacao.uepb.edu.br\/ppgss\/wp-json\/wp\/v2\/posts\/1782","targetHints":{"allow":["GET"]}}],"collection":[{"href":"https:\/\/pos-graduacao.uepb.edu.br\/ppgss\/wp-json\/wp\/v2\/posts"}],"about":[{"href":"https:\/\/pos-graduacao.uepb.edu.br\/ppgss\/wp-json\/wp\/v2\/types\/post"}],"author":[{"embeddable":true,"href":"https:\/\/pos-graduacao.uepb.edu.br\/ppgss\/wp-json\/wp\/v2\/users\/60"}],"replies":[{"embeddable":true,"href":"https:\/\/pos-graduacao.uepb.edu.br\/ppgss\/wp-json\/wp\/v2\/comments?post=1782"}],"version-history":[{"count":5,"href":"https:\/\/pos-graduacao.uepb.edu.br\/ppgss\/wp-json\/wp\/v2\/posts\/1782\/revisions"}],"predecessor-version":[{"id":1793,"href":"https:\/\/pos-graduacao.uepb.edu.br\/ppgss\/wp-json\/wp\/v2\/posts\/1782\/revisions\/1793"}],"wp:attachment":[{"href":"https:\/\/pos-graduacao.uepb.edu.br\/ppgss\/wp-json\/wp\/v2\/media?parent=1782"}],"wp:term":[{"taxonomy":"category","embeddable":true,"href":"https:\/\/pos-graduacao.uepb.edu.br\/ppgss\/wp-json\/wp\/v2\/categories?post=1782"},{"taxonomy":"post_tag","embeddable":true,"href":"https:\/\/pos-graduacao.uepb.edu.br\/ppgss\/wp-json\/wp\/v2\/tags?post=1782"}],"curies":[{"name":"wp","href":"https:\/\/api.w.org\/{rel}","templated":true}]}}