{"id":1750,"date":"2022-05-16T14:29:44","date_gmt":"2022-05-16T14:29:44","guid":{"rendered":"https:\/\/pos-graduacao.uepb.edu.br\/ppgss\/?p=1750"},"modified":"2022-05-23T15:20:04","modified_gmt":"2022-05-23T15:20:04","slug":"aula-inaugural-do-ppgss","status":"publish","type":"post","link":"https:\/\/pos-graduacao.uepb.edu.br\/ppgss\/aula-inaugural-do-ppgss\/","title":{"rendered":"Aula Inaugural do PPGSS"},"content":{"rendered":"<p>A Coordena\u00e7\u00e3o do Programa de P\u00f3s-Gradua\u00e7\u00e3o em Servi\u00e7o Social &#8211; PPGSS convida discentes e docentes do Mestrado e Gradua\u00e7\u00e3o em Servi\u00e7o Social para participarem, no pr\u00f3ximo dia <strong>24 de maio de 2022<\/strong>, a partir das <strong>09h30min<\/strong>, no <strong>Audit\u00f3rio III<\/strong> da Central Acad\u00eamica Paulo Freire, da Aula Inaugural do Programa de P\u00f3s-Gradua\u00e7\u00e3o, cujo tema ser\u00e1 &#8220;<strong>A forma\u00e7\u00e3o em Servi\u00e7o Social e os desafios atuais<\/strong>&#8221; ministrada, via webconfer\u00eancia, pelo <strong>Prof. Dr. Rodrigo Jos\u00e9 Teixeira, <\/strong>Presidente da Associa\u00e7\u00e3o Brasileira de Ensino e Pesquisa em Servi\u00e7o Social, ABEPSS.<\/p>\n<p><a href=\"https:\/\/pos-graduacao.uepb.edu.br\/ppgss\/files\/2022\/05\/Aula-Inaugural1.png\"><img loading=\"lazy\" decoding=\"async\" class=\"aligncenter size-large wp-image-1757 img-responsive\" src=\"https:\/\/pos-graduacao.uepb.edu.br\/ppgss\/files\/2022\/05\/Aula-Inaugural1-724x1024.png\" alt=\"\" width=\"724\" height=\"1024\" srcset=\"https:\/\/pos-graduacao.uepb.edu.br\/ppgss\/files\/2022\/05\/Aula-Inaugural1-724x1024.png 724w, https:\/\/pos-graduacao.uepb.edu.br\/ppgss\/files\/2022\/05\/Aula-Inaugural1-212x300.png 212w, https:\/\/pos-graduacao.uepb.edu.br\/ppgss\/files\/2022\/05\/Aula-Inaugural1-768x1086.png 768w, https:\/\/pos-graduacao.uepb.edu.br\/ppgss\/files\/2022\/05\/Aula-Inaugural1-1086x1536.png 1086w, https:\/\/pos-graduacao.uepb.edu.br\/ppgss\/files\/2022\/05\/Aula-Inaugural1-1448x2048.png 1448w, https:\/\/pos-graduacao.uepb.edu.br\/ppgss\/files\/2022\/05\/Aula-Inaugural1-370x523.png 370w, https:\/\/pos-graduacao.uepb.edu.br\/ppgss\/files\/2022\/05\/Aula-Inaugural1-840x1188.png 840w, https:\/\/pos-graduacao.uepb.edu.br\/ppgss\/files\/2022\/05\/Aula-Inaugural1.png 1587w\" sizes=\"auto, (max-width: 724px) 100vw, 724px\" \/><\/a><\/p>\n<p>A Coordena\u00e7\u00e3o do PPGSS informa que, em cumprimento ao que determina o &#8220;Manual de retorno \u00e0s atividades presenciais&#8221; da UEPB, a capacidade de p\u00fablico presencial no Audit\u00f3rio III ser\u00e1 limitada, no entanto, os\/as interessados\/as em participar da aula, que n\u00e3o puderem estar presencialmente no Audit\u00f3rio, est\u00e3o convidados\/as a acompanhar a transmiss\u00e3o atrav\u00e9s do canal do YouTube: <strong>REDE UEPB.\u00a0<\/strong><\/p>\n<p>A transmiss\u00e3o pode ser acessada atrav\u00e9s do link: <a href=\"https:\/\/www.youtube.com\/watch?v=7ppWp-bwIVM\">https:\/\/www.youtube.com\/watch?v=7ppWp-bwIVM<\/a><\/p>\n<p>Contamos com a presen\u00e7a calorosa de todos\/as.<\/p>\n","protected":false},"excerpt":{"rendered":"<p>A Coordena\u00e7\u00e3o do Programa de P\u00f3s-Gradua\u00e7\u00e3o em Servi\u00e7o Social &#8211; PPGSS convida discentes e docentes do Mestrado e Gradua\u00e7\u00e3o em Servi\u00e7o Social para participarem, no pr\u00f3ximo dia 24 de maio de 2022, a partir das 09h30min, no Audit\u00f3rio III da Central Acad\u00eamica Paulo Freire, da Aula Inaugural do Programa de P\u00f3s-Gradua\u00e7\u00e3o, cujo tema ser\u00e1 &#8220;A <a class=\"leiamais\" href=\"https:\/\/pos-graduacao.uepb.edu.br\/ppgss\/aula-inaugural-do-ppgss\/\">Leia Mais&#8230;<\/a><\/p>\n","protected":false},"author":60,"featured_media":0,"comment_status":"open","ping_status":"open","sticky":false,"template":"","format":"standard","meta":{"footnotes":""},"categories":[5,13],"tags":[],"class_list":["post-1750","post","type-post","status-publish","format-standard","hentry","category-noticias","category-noticias-destaque"],"_links":{"self":[{"href":"https:\/\/pos-graduacao.uepb.edu.br\/ppgss\/wp-json\/wp\/v2\/posts\/1750","targetHints":{"allow":["GET"]}}],"collection":[{"href":"https:\/\/pos-graduacao.uepb.edu.br\/ppgss\/wp-json\/wp\/v2\/posts"}],"about":[{"href":"https:\/\/pos-graduacao.uepb.edu.br\/ppgss\/wp-json\/wp\/v2\/types\/post"}],"author":[{"embeddable":true,"href":"https:\/\/pos-graduacao.uepb.edu.br\/ppgss\/wp-json\/wp\/v2\/users\/60"}],"replies":[{"embeddable":true,"href":"https:\/\/pos-graduacao.uepb.edu.br\/ppgss\/wp-json\/wp\/v2\/comments?post=1750"}],"version-history":[{"count":5,"href":"https:\/\/pos-graduacao.uepb.edu.br\/ppgss\/wp-json\/wp\/v2\/posts\/1750\/revisions"}],"predecessor-version":[{"id":1758,"href":"https:\/\/pos-graduacao.uepb.edu.br\/ppgss\/wp-json\/wp\/v2\/posts\/1750\/revisions\/1758"}],"wp:attachment":[{"href":"https:\/\/pos-graduacao.uepb.edu.br\/ppgss\/wp-json\/wp\/v2\/media?parent=1750"}],"wp:term":[{"taxonomy":"category","embeddable":true,"href":"https:\/\/pos-graduacao.uepb.edu.br\/ppgss\/wp-json\/wp\/v2\/categories?post=1750"},{"taxonomy":"post_tag","embeddable":true,"href":"https:\/\/pos-graduacao.uepb.edu.br\/ppgss\/wp-json\/wp\/v2\/tags?post=1750"}],"curies":[{"name":"wp","href":"https:\/\/api.w.org\/{rel}","templated":true}]}}