{"id":1650,"date":"2021-12-13T14:05:46","date_gmt":"2021-12-13T14:05:46","guid":{"rendered":"https:\/\/pos-graduacao.uepb.edu.br\/ppgss\/?p=1650"},"modified":"2021-12-13T14:05:46","modified_gmt":"2021-12-13T14:05:46","slug":"70a-sessao-de-defesa-publica-de-dissertacao-de-mestrado","status":"publish","type":"post","link":"https:\/\/pos-graduacao.uepb.edu.br\/ppgss\/70a-sessao-de-defesa-publica-de-dissertacao-de-mestrado\/","title":{"rendered":"70\u00aa sess\u00e3o de defesa p\u00fablica de Disserta\u00e7\u00e3o de Mestrado"},"content":{"rendered":"<p>O Programa de P\u00f3s-Gradua\u00e7\u00e3o em Servi\u00e7o Social convida a comunidade acad\u00eamica para a Defesa P\u00fablica de Disserta\u00e7\u00e3o de Mestrado do Discente <strong>Francisco Rivelino Oliveira Nascimento<\/strong>, que acontecer\u00e1 no dia <strong>14<\/strong><strong>\u00a0de dezembro de 2021<\/strong>, \u00e0s\u00a0<strong>15h00min<\/strong>, na plataforma Google Meet, atrav\u00e9s do link: <a href=\"https:\/\/meet.google.com\/niw-hvhz-gzz\">https:\/\/meet.google.com\/niw-hvhz-gzz<\/a><\/p>\n<p style=\"text-align: center\"><strong>T\u00edtulo:\u00a0<\/strong><\/p>\n<p style=\"text-align: center\"><strong>\u201cAbje\u00e7\u00e3o, transnecropol\u00edtica e suas incid\u00eancias: apontamentos sobre o movimento LGBT+ e o Estado brasileiro\u201d.<\/strong><\/p>\n<p style=\"text-align: center\">Orientadora: Prof.\u00aa Dr.\u00aa Thelma Maria Grisi Vel\u00f4so (PPGSS\/UEPB)<\/p>\n<p><strong>Banca Examinadora:<\/strong><\/p>\n<p>Prof.\u00aa Dr.\u00aa Idalina Maria Freitas Lima Santiago (Examinadora Interna\/PPGSS\/UEPB)<\/p>\n<p>Prof. Dr. Adriano Azevedo Gomes de Le\u00f3n (Examinador Externo \u2013 PPGS\/UFPB)<\/p>\n<p>Prof. Dr. Edil Ferreira da Silva (Examinador Suplente\/PPGSS\/UEPB)<\/p>\n","protected":false},"excerpt":{"rendered":"<p>O Programa de P\u00f3s-Gradua\u00e7\u00e3o em Servi\u00e7o Social convida a comunidade acad\u00eamica para a Defesa P\u00fablica de Disserta\u00e7\u00e3o de Mestrado do Discente Francisco Rivelino Oliveira Nascimento, que acontecer\u00e1 no dia 14\u00a0de dezembro de 2021, \u00e0s\u00a015h00min, na plataforma Google Meet, atrav\u00e9s do link: https:\/\/meet.google.com\/niw-hvhz-gzz T\u00edtulo:\u00a0 \u201cAbje\u00e7\u00e3o, transnecropol\u00edtica e suas incid\u00eancias: apontamentos sobre o movimento LGBT+ e o <a class=\"leiamais\" href=\"https:\/\/pos-graduacao.uepb.edu.br\/ppgss\/70a-sessao-de-defesa-publica-de-dissertacao-de-mestrado\/\">Leia Mais&#8230;<\/a><\/p>\n","protected":false},"author":60,"featured_media":0,"comment_status":"open","ping_status":"open","sticky":false,"template":"","format":"standard","meta":{"footnotes":""},"categories":[5,13],"tags":[],"class_list":["post-1650","post","type-post","status-publish","format-standard","hentry","category-noticias","category-noticias-destaque"],"_links":{"self":[{"href":"https:\/\/pos-graduacao.uepb.edu.br\/ppgss\/wp-json\/wp\/v2\/posts\/1650","targetHints":{"allow":["GET"]}}],"collection":[{"href":"https:\/\/pos-graduacao.uepb.edu.br\/ppgss\/wp-json\/wp\/v2\/posts"}],"about":[{"href":"https:\/\/pos-graduacao.uepb.edu.br\/ppgss\/wp-json\/wp\/v2\/types\/post"}],"author":[{"embeddable":true,"href":"https:\/\/pos-graduacao.uepb.edu.br\/ppgss\/wp-json\/wp\/v2\/users\/60"}],"replies":[{"embeddable":true,"href":"https:\/\/pos-graduacao.uepb.edu.br\/ppgss\/wp-json\/wp\/v2\/comments?post=1650"}],"version-history":[{"count":1,"href":"https:\/\/pos-graduacao.uepb.edu.br\/ppgss\/wp-json\/wp\/v2\/posts\/1650\/revisions"}],"predecessor-version":[{"id":1651,"href":"https:\/\/pos-graduacao.uepb.edu.br\/ppgss\/wp-json\/wp\/v2\/posts\/1650\/revisions\/1651"}],"wp:attachment":[{"href":"https:\/\/pos-graduacao.uepb.edu.br\/ppgss\/wp-json\/wp\/v2\/media?parent=1650"}],"wp:term":[{"taxonomy":"category","embeddable":true,"href":"https:\/\/pos-graduacao.uepb.edu.br\/ppgss\/wp-json\/wp\/v2\/categories?post=1650"},{"taxonomy":"post_tag","embeddable":true,"href":"https:\/\/pos-graduacao.uepb.edu.br\/ppgss\/wp-json\/wp\/v2\/tags?post=1650"}],"curies":[{"name":"wp","href":"https:\/\/api.w.org\/{rel}","templated":true}]}}