{"id":1642,"date":"2021-12-06T17:39:24","date_gmt":"2021-12-06T17:39:24","guid":{"rendered":"https:\/\/pos-graduacao.uepb.edu.br\/ppgss\/?p=1642"},"modified":"2021-12-06T17:39:24","modified_gmt":"2021-12-06T17:39:24","slug":"69a-sessao-de-defesa-publica-de-dissertacao-de-mestrado","status":"publish","type":"post","link":"https:\/\/pos-graduacao.uepb.edu.br\/ppgss\/69a-sessao-de-defesa-publica-de-dissertacao-de-mestrado\/","title":{"rendered":"69\u00aa sess\u00e3o de defesa p\u00fablica de Disserta\u00e7\u00e3o de Mestrado"},"content":{"rendered":"<p>O Programa de P\u00f3s-Gradua\u00e7\u00e3o em Servi\u00e7o Social convida a comunidade acad\u00eamica para a Defesa P\u00fablica de Disserta\u00e7\u00e3o de Mestrado da Discente\u00a0<strong>Luciana Sousa Alves<\/strong>, que acontecer\u00e1 no dia <strong>09 de dezembro de 2021<\/strong>, \u00e0s\u00a0<strong>14h30min<\/strong>, na plataforma Google Meet, atrav\u00e9s do link: <a href=\"https:\/\/meet.google.com\/kny-aimz-owg\">https:\/\/meet.google.com\/kny-aimz-owg<\/a><\/p>\n<p style=\"text-align: center\"><strong>T\u00edtulo:\u00a0<\/strong><\/p>\n<p style=\"text-align: center\"><strong>\u201cO financiamento do Sistema \u00danico da Assist\u00eancia Social no contexto do Novo Regime Fiscal da EC\/95 no munic\u00edpio de Campina Grande-PB: um estudo da composi\u00e7\u00e3o e execu\u00e7\u00e3o do Fundo Municipal de Assist\u00eancia Social no per\u00edodo de 2016 a 2018\u201d.<\/strong><\/p>\n<p style=\"text-align: center\">Orientadora: Prof.\u00aa Dr.\u00aa Jordeana Davi Pereira (PPGSS\/UEPB)<\/p>\n<p><strong>Banca Examinadora:<\/strong><\/p>\n<p>Prof.\u00aa Dr.\u00aa Sheyla Suely de Sousa Silva (Examinadora Interna\/PPGSS\/UEPB)<\/p>\n<p>Prof.\u00aa Dr.\u00aa Jeane Andreia Ferraz Silva (Examinadora Externa\/DSS\/UFES)<\/p>\n<p>Prof.\u00aa Dr.\u00aa Alessandra Ximenes da Silva (Examinadora Suplente\/PPGSS\/UEPB)<\/p>\n","protected":false},"excerpt":{"rendered":"<p>O Programa de P\u00f3s-Gradua\u00e7\u00e3o em Servi\u00e7o Social convida a comunidade acad\u00eamica para a Defesa P\u00fablica de Disserta\u00e7\u00e3o de Mestrado da Discente\u00a0Luciana Sousa Alves, que acontecer\u00e1 no dia 09 de dezembro de 2021, \u00e0s\u00a014h30min, na plataforma Google Meet, atrav\u00e9s do link: https:\/\/meet.google.com\/kny-aimz-owg T\u00edtulo:\u00a0 \u201cO financiamento do Sistema \u00danico da Assist\u00eancia Social no contexto do Novo Regime <a class=\"leiamais\" href=\"https:\/\/pos-graduacao.uepb.edu.br\/ppgss\/69a-sessao-de-defesa-publica-de-dissertacao-de-mestrado\/\">Leia Mais&#8230;<\/a><\/p>\n","protected":false},"author":60,"featured_media":0,"comment_status":"open","ping_status":"open","sticky":false,"template":"","format":"standard","meta":{"footnotes":""},"categories":[5,13],"tags":[],"class_list":["post-1642","post","type-post","status-publish","format-standard","hentry","category-noticias","category-noticias-destaque"],"_links":{"self":[{"href":"https:\/\/pos-graduacao.uepb.edu.br\/ppgss\/wp-json\/wp\/v2\/posts\/1642","targetHints":{"allow":["GET"]}}],"collection":[{"href":"https:\/\/pos-graduacao.uepb.edu.br\/ppgss\/wp-json\/wp\/v2\/posts"}],"about":[{"href":"https:\/\/pos-graduacao.uepb.edu.br\/ppgss\/wp-json\/wp\/v2\/types\/post"}],"author":[{"embeddable":true,"href":"https:\/\/pos-graduacao.uepb.edu.br\/ppgss\/wp-json\/wp\/v2\/users\/60"}],"replies":[{"embeddable":true,"href":"https:\/\/pos-graduacao.uepb.edu.br\/ppgss\/wp-json\/wp\/v2\/comments?post=1642"}],"version-history":[{"count":1,"href":"https:\/\/pos-graduacao.uepb.edu.br\/ppgss\/wp-json\/wp\/v2\/posts\/1642\/revisions"}],"predecessor-version":[{"id":1643,"href":"https:\/\/pos-graduacao.uepb.edu.br\/ppgss\/wp-json\/wp\/v2\/posts\/1642\/revisions\/1643"}],"wp:attachment":[{"href":"https:\/\/pos-graduacao.uepb.edu.br\/ppgss\/wp-json\/wp\/v2\/media?parent=1642"}],"wp:term":[{"taxonomy":"category","embeddable":true,"href":"https:\/\/pos-graduacao.uepb.edu.br\/ppgss\/wp-json\/wp\/v2\/categories?post=1642"},{"taxonomy":"post_tag","embeddable":true,"href":"https:\/\/pos-graduacao.uepb.edu.br\/ppgss\/wp-json\/wp\/v2\/tags?post=1642"}],"curies":[{"name":"wp","href":"https:\/\/api.w.org\/{rel}","templated":true}]}}