{"id":1502,"date":"2021-10-26T20:39:01","date_gmt":"2021-10-26T20:39:01","guid":{"rendered":"https:\/\/pos-graduacao.uepb.edu.br\/ppgss\/?p=1502"},"modified":"2021-10-26T20:39:01","modified_gmt":"2021-10-26T20:39:01","slug":"68a-sessao-publica-de-defesa-de-dissertacao-de-mestrado","status":"publish","type":"post","link":"https:\/\/pos-graduacao.uepb.edu.br\/ppgss\/68a-sessao-publica-de-defesa-de-dissertacao-de-mestrado\/","title":{"rendered":"68\u00aa sess\u00e3o p\u00fablica de defesa de Disserta\u00e7\u00e3o de Mestrado"},"content":{"rendered":"<p>O Programa de P\u00f3s-Gradua\u00e7\u00e3o em Servi\u00e7o Social convida a comunidade acad\u00eamica para a Defesa P\u00fablica de Disserta\u00e7\u00e3o de Mestrado da Discente <strong>Jessyca Belchior Bazante de Andrade<\/strong>, que acontecer\u00e1 no dia <strong>27 de outubro de 2021<\/strong>, \u00e0s <strong>15h00min<\/strong>, na plataforma Google Meet, atrav\u00e9s do link:\u00a0 <a href=\"https:\/\/meet.google.com\/pjp-afsx-gry\">https:\/\/meet.google.com\/pjp-afsx-gry<\/a><\/p>\n<p style=\"text-align: center\"><strong>T\u00edtulo:<\/strong><\/p>\n<p style=\"text-align: center\"><strong>&#8220;Vozes que narram, vozes que silenciam: ecos do feminic\u00eddio na m\u00eddia de Campina Grande &#8211; PB \u00e0 luz dos Direitos Humanos&#8221;<\/strong><\/p>\n<p>Orientadora: Prof.\u00aa Dr.\u00aa Patr\u00edcia Cristina de Arag\u00e3o (PPGSS\/UEPB)<\/p>\n<p><strong>Banca Examinadora:<\/strong><\/p>\n<p>Prof. Dr. Edil Ferreira da Silva (Examinador Interno\/PPGSS\/UEPB)<\/p>\n<p>Prof.\u00aa Dr.\u00aa Rob\u00e9ria N\u00e1dia Ara\u00fajo Nascimento (Examinadora Externa\/UEPB)<\/p>\n<p>Prof.\u00aa Dr.\u00aa Alomia Abrantes da Silva (Examinadora Suplente\/UEPB)<\/p>\n","protected":false},"excerpt":{"rendered":"<p>O Programa de P\u00f3s-Gradua\u00e7\u00e3o em Servi\u00e7o Social convida a comunidade acad\u00eamica para a Defesa P\u00fablica de Disserta\u00e7\u00e3o de Mestrado da Discente Jessyca Belchior Bazante de Andrade, que acontecer\u00e1 no dia 27 de outubro de 2021, \u00e0s 15h00min, na plataforma Google Meet, atrav\u00e9s do link:\u00a0 https:\/\/meet.google.com\/pjp-afsx-gry T\u00edtulo: &#8220;Vozes que narram, vozes que silenciam: ecos do feminic\u00eddio <a class=\"leiamais\" href=\"https:\/\/pos-graduacao.uepb.edu.br\/ppgss\/68a-sessao-publica-de-defesa-de-dissertacao-de-mestrado\/\">Leia Mais&#8230;<\/a><\/p>\n","protected":false},"author":60,"featured_media":0,"comment_status":"open","ping_status":"open","sticky":false,"template":"","format":"standard","meta":{"footnotes":""},"categories":[5,13],"tags":[],"class_list":["post-1502","post","type-post","status-publish","format-standard","hentry","category-noticias","category-noticias-destaque"],"_links":{"self":[{"href":"https:\/\/pos-graduacao.uepb.edu.br\/ppgss\/wp-json\/wp\/v2\/posts\/1502","targetHints":{"allow":["GET"]}}],"collection":[{"href":"https:\/\/pos-graduacao.uepb.edu.br\/ppgss\/wp-json\/wp\/v2\/posts"}],"about":[{"href":"https:\/\/pos-graduacao.uepb.edu.br\/ppgss\/wp-json\/wp\/v2\/types\/post"}],"author":[{"embeddable":true,"href":"https:\/\/pos-graduacao.uepb.edu.br\/ppgss\/wp-json\/wp\/v2\/users\/60"}],"replies":[{"embeddable":true,"href":"https:\/\/pos-graduacao.uepb.edu.br\/ppgss\/wp-json\/wp\/v2\/comments?post=1502"}],"version-history":[{"count":1,"href":"https:\/\/pos-graduacao.uepb.edu.br\/ppgss\/wp-json\/wp\/v2\/posts\/1502\/revisions"}],"predecessor-version":[{"id":1503,"href":"https:\/\/pos-graduacao.uepb.edu.br\/ppgss\/wp-json\/wp\/v2\/posts\/1502\/revisions\/1503"}],"wp:attachment":[{"href":"https:\/\/pos-graduacao.uepb.edu.br\/ppgss\/wp-json\/wp\/v2\/media?parent=1502"}],"wp:term":[{"taxonomy":"category","embeddable":true,"href":"https:\/\/pos-graduacao.uepb.edu.br\/ppgss\/wp-json\/wp\/v2\/categories?post=1502"},{"taxonomy":"post_tag","embeddable":true,"href":"https:\/\/pos-graduacao.uepb.edu.br\/ppgss\/wp-json\/wp\/v2\/tags?post=1502"}],"curies":[{"name":"wp","href":"https:\/\/api.w.org\/{rel}","templated":true}]}}