{"id":1493,"date":"2021-09-28T15:00:05","date_gmt":"2021-09-28T15:00:05","guid":{"rendered":"https:\/\/pos-graduacao.uepb.edu.br\/ppgss\/?p=1493"},"modified":"2021-09-27T20:39:18","modified_gmt":"2021-09-27T20:39:18","slug":"1493-2","status":"publish","type":"post","link":"https:\/\/pos-graduacao.uepb.edu.br\/ppgss\/1493-2\/","title":{"rendered":"67\u00aa Sess\u00e3o p\u00fablica de defesa de Disserta\u00e7\u00e3o de Mestrado"},"content":{"rendered":"<p>O Programa de P\u00f3s-Gradua\u00e7\u00e3o em Servi\u00e7o Social convida a comunidade acad\u00eamica para a Defesa P\u00fablica de Disserta\u00e7\u00e3o de Mestrado da Discente <strong>Liliane Gomes de Abrantes Andrade<\/strong>, que acontecer\u00e1 no dia <strong>29 de setembro de 2021<\/strong>, \u00e0s <strong>14h30min<\/strong>, na plataforma Google Meet, atrav\u00e9s do link: \u00a0<a href=\"http:\/\/meet.google.com\/zjt-dfyd-rqm\">http:\/\/meet.google.com\/zjt-dfyd-rqm<\/a><\/p>\n<p style=\"text-align: center\"><strong>T\u00edtulo:<\/strong><\/p>\n<p style=\"text-align: center\"><strong>&#8220;Mercado de trabalho das\/os Assistentes Sociais frente ao processo de interioriza\u00e7\u00e3o dos cursos de Servi\u00e7o Social: uma an\u00e1lise das rela\u00e7\u00f5es de trabalho das\/os profissionais inseridas\/os nos espa\u00e7os s\u00f3cio-ocupacionais de Sousa &#8211; PB&#8221;<\/strong><\/p>\n<p>Orientadora: Prof.\u00aa Dr.\u00aa Moema Am\u00e9lia Serpa Lopes de Souza (PPGSS\/UEPB)<\/p>\n<p><strong>Banca Examinadora:<\/strong><\/p>\n<p>Prof.\u00aa Dr.\u00aa B\u00e1rbara da Rocha Figueiredo Chagas (Examinadora Externa\/DSS\/UEPB)<\/p>\n<p>Prof.\u00aa Dr.\u00aa Rosa L\u00facia Predes Trindade (Examinadora Externa\/UFAL)<\/p>\n<p>Prof.\u00aa Dr.\u00aa M\u00f4nica Barros da N\u00f3brega (Examinadora Suplente\/PPGSS\/UEPB)<\/p>\n","protected":false},"excerpt":{"rendered":"<p>O Programa de P\u00f3s-Gradua\u00e7\u00e3o em Servi\u00e7o Social convida a comunidade acad\u00eamica para a Defesa P\u00fablica de Disserta\u00e7\u00e3o de Mestrado da Discente Liliane Gomes de Abrantes Andrade, que acontecer\u00e1 no dia 29 de setembro de 2021, \u00e0s 14h30min, na plataforma Google Meet, atrav\u00e9s do link: \u00a0http:\/\/meet.google.com\/zjt-dfyd-rqm T\u00edtulo: &#8220;Mercado de trabalho das\/os Assistentes Sociais frente ao processo <a class=\"leiamais\" href=\"https:\/\/pos-graduacao.uepb.edu.br\/ppgss\/1493-2\/\">Leia Mais&#8230;<\/a><\/p>\n","protected":false},"author":60,"featured_media":0,"comment_status":"open","ping_status":"open","sticky":false,"template":"","format":"standard","meta":{"footnotes":""},"categories":[5,13],"tags":[],"class_list":["post-1493","post","type-post","status-publish","format-standard","hentry","category-noticias","category-noticias-destaque"],"_links":{"self":[{"href":"https:\/\/pos-graduacao.uepb.edu.br\/ppgss\/wp-json\/wp\/v2\/posts\/1493","targetHints":{"allow":["GET"]}}],"collection":[{"href":"https:\/\/pos-graduacao.uepb.edu.br\/ppgss\/wp-json\/wp\/v2\/posts"}],"about":[{"href":"https:\/\/pos-graduacao.uepb.edu.br\/ppgss\/wp-json\/wp\/v2\/types\/post"}],"author":[{"embeddable":true,"href":"https:\/\/pos-graduacao.uepb.edu.br\/ppgss\/wp-json\/wp\/v2\/users\/60"}],"replies":[{"embeddable":true,"href":"https:\/\/pos-graduacao.uepb.edu.br\/ppgss\/wp-json\/wp\/v2\/comments?post=1493"}],"version-history":[{"count":4,"href":"https:\/\/pos-graduacao.uepb.edu.br\/ppgss\/wp-json\/wp\/v2\/posts\/1493\/revisions"}],"predecessor-version":[{"id":1497,"href":"https:\/\/pos-graduacao.uepb.edu.br\/ppgss\/wp-json\/wp\/v2\/posts\/1493\/revisions\/1497"}],"wp:attachment":[{"href":"https:\/\/pos-graduacao.uepb.edu.br\/ppgss\/wp-json\/wp\/v2\/media?parent=1493"}],"wp:term":[{"taxonomy":"category","embeddable":true,"href":"https:\/\/pos-graduacao.uepb.edu.br\/ppgss\/wp-json\/wp\/v2\/categories?post=1493"},{"taxonomy":"post_tag","embeddable":true,"href":"https:\/\/pos-graduacao.uepb.edu.br\/ppgss\/wp-json\/wp\/v2\/tags?post=1493"}],"curies":[{"name":"wp","href":"https:\/\/api.w.org\/{rel}","templated":true}]}}