{"id":1490,"date":"2021-09-24T17:44:57","date_gmt":"2021-09-24T17:44:57","guid":{"rendered":"https:\/\/pos-graduacao.uepb.edu.br\/ppgss\/?p=1490"},"modified":"2021-09-24T17:45:52","modified_gmt":"2021-09-24T17:45:52","slug":"1490-2","status":"publish","type":"post","link":"https:\/\/pos-graduacao.uepb.edu.br\/ppgss\/1490-2\/","title":{"rendered":"66\u00aa Sess\u00e3o p\u00fablica de defesa de Disserta\u00e7\u00e3o de Mestrado"},"content":{"rendered":"<p>O Programa de P\u00f3s-Gradua\u00e7\u00e3o em Servi\u00e7o Social convida a comunidade acad\u00eamica para a Defesa P\u00fablica de Disserta\u00e7\u00e3o de Mestrado da Discente <strong>K\u00e9cia Vieira dos Santos<\/strong>, que acontecer\u00e1 no dia <strong>28 de setembro de 2021<\/strong>, \u00e0s <strong>15h00min<\/strong>, na plataforma Google Meet, atrav\u00e9s do link: <a href=\"https:\/\/meet.google.com\/uft-owgu-sok\">\u00a0https:\/\/meet.google.com\/uft-owgu-sok<\/a><\/p>\n<p style=\"text-align: center\"><strong>T\u00edtulo:<\/strong><\/p>\n<p style=\"text-align: center\"><strong>&#8220;Forma\u00e7\u00e3o acad\u00eamico-profissional em Servi\u00e7o Social: uma an\u00e1lise da apreens\u00e3o do significado social da profiss\u00e3o nos trabalhos de conclus\u00e3o de curso de Servi\u00e7o Social da Universidade Estadual da Para\u00edba&#8221;<\/strong><\/p>\n<p>Orientadora: Prof.\u00aa Dr.\u00aa M\u00f4nica Barros da N\u00f3brega (PPGSS\/UEPB)<\/p>\n<p><strong>Banca Examinadora:<\/strong><\/p>\n<p>Prof.\u00aa Dr.\u00aa Moema Am\u00e9lia Serpa Lopes de Souza (Examinadora Interna\/PPGSS\/UEPB)<\/p>\n<p>Prof.\u00aa Dr.\u00aa Danielle Viana Lugo Pereira (Examinadora Externa\/UFPB)<\/p>\n<p>Prof.\u00aa Dr.\u00aa Alessandra Ximenes da Silva (Examinadora Suplente\/PPGSS\/UEPB)<\/p>\n","protected":false},"excerpt":{"rendered":"<p>O Programa de P\u00f3s-Gradua\u00e7\u00e3o em Servi\u00e7o Social convida a comunidade acad\u00eamica para a Defesa P\u00fablica de Disserta\u00e7\u00e3o de Mestrado da Discente K\u00e9cia Vieira dos Santos, que acontecer\u00e1 no dia 28 de setembro de 2021, \u00e0s 15h00min, na plataforma Google Meet, atrav\u00e9s do link: \u00a0https:\/\/meet.google.com\/uft-owgu-sok T\u00edtulo: &#8220;Forma\u00e7\u00e3o acad\u00eamico-profissional em Servi\u00e7o Social: uma an\u00e1lise da apreens\u00e3o do <a class=\"leiamais\" href=\"https:\/\/pos-graduacao.uepb.edu.br\/ppgss\/1490-2\/\">Leia Mais&#8230;<\/a><\/p>\n","protected":false},"author":60,"featured_media":0,"comment_status":"open","ping_status":"open","sticky":false,"template":"","format":"standard","meta":{"footnotes":""},"categories":[5,13],"tags":[],"class_list":["post-1490","post","type-post","status-publish","format-standard","hentry","category-noticias","category-noticias-destaque"],"_links":{"self":[{"href":"https:\/\/pos-graduacao.uepb.edu.br\/ppgss\/wp-json\/wp\/v2\/posts\/1490","targetHints":{"allow":["GET"]}}],"collection":[{"href":"https:\/\/pos-graduacao.uepb.edu.br\/ppgss\/wp-json\/wp\/v2\/posts"}],"about":[{"href":"https:\/\/pos-graduacao.uepb.edu.br\/ppgss\/wp-json\/wp\/v2\/types\/post"}],"author":[{"embeddable":true,"href":"https:\/\/pos-graduacao.uepb.edu.br\/ppgss\/wp-json\/wp\/v2\/users\/60"}],"replies":[{"embeddable":true,"href":"https:\/\/pos-graduacao.uepb.edu.br\/ppgss\/wp-json\/wp\/v2\/comments?post=1490"}],"version-history":[{"count":2,"href":"https:\/\/pos-graduacao.uepb.edu.br\/ppgss\/wp-json\/wp\/v2\/posts\/1490\/revisions"}],"predecessor-version":[{"id":1492,"href":"https:\/\/pos-graduacao.uepb.edu.br\/ppgss\/wp-json\/wp\/v2\/posts\/1490\/revisions\/1492"}],"wp:attachment":[{"href":"https:\/\/pos-graduacao.uepb.edu.br\/ppgss\/wp-json\/wp\/v2\/media?parent=1490"}],"wp:term":[{"taxonomy":"category","embeddable":true,"href":"https:\/\/pos-graduacao.uepb.edu.br\/ppgss\/wp-json\/wp\/v2\/categories?post=1490"},{"taxonomy":"post_tag","embeddable":true,"href":"https:\/\/pos-graduacao.uepb.edu.br\/ppgss\/wp-json\/wp\/v2\/tags?post=1490"}],"curies":[{"name":"wp","href":"https:\/\/api.w.org\/{rel}","templated":true}]}}