{"id":1480,"date":"2021-09-08T17:25:30","date_gmt":"2021-09-08T17:25:30","guid":{"rendered":"https:\/\/pos-graduacao.uepb.edu.br\/ppgss\/?p=1480"},"modified":"2021-09-08T17:25:30","modified_gmt":"2021-09-08T17:25:30","slug":"65a-sessao-publica-de-defesa-de-dissertacao-de-mestrado","status":"publish","type":"post","link":"https:\/\/pos-graduacao.uepb.edu.br\/ppgss\/65a-sessao-publica-de-defesa-de-dissertacao-de-mestrado\/","title":{"rendered":"65\u00aa Sess\u00e3o p\u00fablica de defesa de Disserta\u00e7\u00e3o de Mestrado"},"content":{"rendered":"<p>O Programa de P\u00f3s-Gradua\u00e7\u00e3o em Servi\u00e7o Social convida a comunidade acad\u00eamica para a Defesa P\u00fablica de Disserta\u00e7\u00e3o de Mestrado da Discente <strong>Tatiany Fernandes Oliveira<\/strong>, que acontecer\u00e1 no dia <strong>10 de setembro de 2021<\/strong>, \u00e0s <strong>14h00min<\/strong>, na plataforma Google Meet, atrav\u00e9s do link: <a href=\"https:\/\/meet.google.com\/gey-imkg-hio\">\u00a0https:\/\/meet.google.com\/gey-imkg-hio<\/a><\/p>\n<p style=\"text-align: center\"><strong>T\u00edtulo:<\/strong><\/p>\n<p style=\"text-align: center\"><strong>&#8220;As inflex\u00f5es da contrarreforma na pol\u00edtica de Aten\u00e7\u00e3o Prim\u00e1ria \u00e0 Sa\u00fade no governo Bolsonaro: implica\u00e7\u00f5es sobre a Estrat\u00e9gia Sa\u00fade da Fam\u00edlia&#8221;<\/strong><\/p>\n<p>Orientadora: Prof.\u00aa Dr.\u00aa Alessandra Ximenes da Silva (PPGSS\/UEPB)<\/p>\n<p><strong>Banca Examinadora:<\/strong><\/p>\n<p>Prof.\u00aa Dr.\u00aa Kathleen Elane Leal Vasconcelos (Examinadora Interna\/UEPB)<\/p>\n<p>Prof.\u00aa Dr.\u00aa Paulette Cavalcanti de Albuquerque (Examinadora Externa\/UPE)<\/p>\n<p>Prof.\u00aa Dr.\u00aa Ter\u00e7alia Suassuna Vaz Lira (Examinadora Suplente\/PPGSS\/UEPB)<\/p>\n","protected":false},"excerpt":{"rendered":"<p>O Programa de P\u00f3s-Gradua\u00e7\u00e3o em Servi\u00e7o Social convida a comunidade acad\u00eamica para a Defesa P\u00fablica de Disserta\u00e7\u00e3o de Mestrado da Discente Tatiany Fernandes Oliveira, que acontecer\u00e1 no dia 10 de setembro de 2021, \u00e0s 14h00min, na plataforma Google Meet, atrav\u00e9s do link: \u00a0https:\/\/meet.google.com\/gey-imkg-hio T\u00edtulo: &#8220;As inflex\u00f5es da contrarreforma na pol\u00edtica de Aten\u00e7\u00e3o Prim\u00e1ria \u00e0 Sa\u00fade <a class=\"leiamais\" href=\"https:\/\/pos-graduacao.uepb.edu.br\/ppgss\/65a-sessao-publica-de-defesa-de-dissertacao-de-mestrado\/\">Leia Mais&#8230;<\/a><\/p>\n","protected":false},"author":60,"featured_media":0,"comment_status":"open","ping_status":"open","sticky":false,"template":"","format":"standard","meta":{"footnotes":""},"categories":[5,13],"tags":[],"class_list":["post-1480","post","type-post","status-publish","format-standard","hentry","category-noticias","category-noticias-destaque"],"_links":{"self":[{"href":"https:\/\/pos-graduacao.uepb.edu.br\/ppgss\/wp-json\/wp\/v2\/posts\/1480","targetHints":{"allow":["GET"]}}],"collection":[{"href":"https:\/\/pos-graduacao.uepb.edu.br\/ppgss\/wp-json\/wp\/v2\/posts"}],"about":[{"href":"https:\/\/pos-graduacao.uepb.edu.br\/ppgss\/wp-json\/wp\/v2\/types\/post"}],"author":[{"embeddable":true,"href":"https:\/\/pos-graduacao.uepb.edu.br\/ppgss\/wp-json\/wp\/v2\/users\/60"}],"replies":[{"embeddable":true,"href":"https:\/\/pos-graduacao.uepb.edu.br\/ppgss\/wp-json\/wp\/v2\/comments?post=1480"}],"version-history":[{"count":1,"href":"https:\/\/pos-graduacao.uepb.edu.br\/ppgss\/wp-json\/wp\/v2\/posts\/1480\/revisions"}],"predecessor-version":[{"id":1481,"href":"https:\/\/pos-graduacao.uepb.edu.br\/ppgss\/wp-json\/wp\/v2\/posts\/1480\/revisions\/1481"}],"wp:attachment":[{"href":"https:\/\/pos-graduacao.uepb.edu.br\/ppgss\/wp-json\/wp\/v2\/media?parent=1480"}],"wp:term":[{"taxonomy":"category","embeddable":true,"href":"https:\/\/pos-graduacao.uepb.edu.br\/ppgss\/wp-json\/wp\/v2\/categories?post=1480"},{"taxonomy":"post_tag","embeddable":true,"href":"https:\/\/pos-graduacao.uepb.edu.br\/ppgss\/wp-json\/wp\/v2\/tags?post=1480"}],"curies":[{"name":"wp","href":"https:\/\/api.w.org\/{rel}","templated":true}]}}