{"id":1466,"date":"2021-08-27T21:48:13","date_gmt":"2021-08-27T21:48:13","guid":{"rendered":"https:\/\/pos-graduacao.uepb.edu.br\/ppgss\/?p=1466"},"modified":"2021-08-30T16:39:21","modified_gmt":"2021-08-30T16:39:21","slug":"selecao-para-aluno-especial-2021-2","status":"publish","type":"post","link":"https:\/\/pos-graduacao.uepb.edu.br\/ppgss\/selecao-para-aluno-especial-2021-2\/","title":{"rendered":"Sele\u00e7\u00e3o para Aluno Especial &#8211; 2021.2"},"content":{"rendered":"<p>O Programa de P\u00f3s-Gradua\u00e7\u00e3o em Servi\u00e7o Social torna p\u00fablico o Edital n\u00ba. 01\/2021 &#8211; Sele\u00e7\u00e3o para Aluno Especial.<\/p>\n<p>Est\u00e3o sendo ofertadas<strong> 06 (seis)<\/strong> vagas para a disciplina <strong>&#8220;Quest\u00e3o Social e Servi\u00e7o Social&#8221;,\u00a0<\/strong>ministrada pela Prof.\u00aa Dr.\u00aa Sheyla Suely de Souza Silva.<\/p>\n<p>Para detalhes sobre a sele\u00e7\u00e3o e a documenta\u00e7\u00e3o necess\u00e1ria \u00e0 inscri\u00e7\u00e3o, acesse o Edital <a href=\"https:\/\/pos-graduacao.uepb.edu.br\/ppgss\/files\/2021\/08\/Edital-de-Selecao-Para-Aluno-Especial-QUESTAO-SOCIAL-E-SS-2021-2-1.pdf\">AQUI.<\/a><\/p>\n","protected":false},"excerpt":{"rendered":"<p>O Programa de P\u00f3s-Gradua\u00e7\u00e3o em Servi\u00e7o Social torna p\u00fablico o Edital n\u00ba. 01\/2021 &#8211; Sele\u00e7\u00e3o para Aluno Especial. Est\u00e3o sendo ofertadas 06 (seis) vagas para a disciplina &#8220;Quest\u00e3o Social e Servi\u00e7o Social&#8221;,\u00a0ministrada pela Prof.\u00aa Dr.\u00aa Sheyla Suely de Souza Silva. Para detalhes sobre a sele\u00e7\u00e3o e a documenta\u00e7\u00e3o necess\u00e1ria \u00e0 inscri\u00e7\u00e3o, acesse o Edital AQUI.<\/p>\n","protected":false},"author":60,"featured_media":0,"comment_status":"open","ping_status":"open","sticky":false,"template":"","format":"standard","meta":{"footnotes":""},"categories":[5,13],"tags":[],"class_list":["post-1466","post","type-post","status-publish","format-standard","hentry","category-noticias","category-noticias-destaque"],"_links":{"self":[{"href":"https:\/\/pos-graduacao.uepb.edu.br\/ppgss\/wp-json\/wp\/v2\/posts\/1466","targetHints":{"allow":["GET"]}}],"collection":[{"href":"https:\/\/pos-graduacao.uepb.edu.br\/ppgss\/wp-json\/wp\/v2\/posts"}],"about":[{"href":"https:\/\/pos-graduacao.uepb.edu.br\/ppgss\/wp-json\/wp\/v2\/types\/post"}],"author":[{"embeddable":true,"href":"https:\/\/pos-graduacao.uepb.edu.br\/ppgss\/wp-json\/wp\/v2\/users\/60"}],"replies":[{"embeddable":true,"href":"https:\/\/pos-graduacao.uepb.edu.br\/ppgss\/wp-json\/wp\/v2\/comments?post=1466"}],"version-history":[{"count":2,"href":"https:\/\/pos-graduacao.uepb.edu.br\/ppgss\/wp-json\/wp\/v2\/posts\/1466\/revisions"}],"predecessor-version":[{"id":1474,"href":"https:\/\/pos-graduacao.uepb.edu.br\/ppgss\/wp-json\/wp\/v2\/posts\/1466\/revisions\/1474"}],"wp:attachment":[{"href":"https:\/\/pos-graduacao.uepb.edu.br\/ppgss\/wp-json\/wp\/v2\/media?parent=1466"}],"wp:term":[{"taxonomy":"category","embeddable":true,"href":"https:\/\/pos-graduacao.uepb.edu.br\/ppgss\/wp-json\/wp\/v2\/categories?post=1466"},{"taxonomy":"post_tag","embeddable":true,"href":"https:\/\/pos-graduacao.uepb.edu.br\/ppgss\/wp-json\/wp\/v2\/tags?post=1466"}],"curies":[{"name":"wp","href":"https:\/\/api.w.org\/{rel}","templated":true}]}}