{"id":1433,"date":"2021-07-22T00:53:47","date_gmt":"2021-07-22T00:53:47","guid":{"rendered":"https:\/\/pos-graduacao.uepb.edu.br\/ppgss\/?p=1433"},"modified":"2021-07-22T16:30:12","modified_gmt":"2021-07-22T16:30:12","slug":"63a-sessao-publica-de-defesa-de-dissertacao-de-mestrado","status":"publish","type":"post","link":"https:\/\/pos-graduacao.uepb.edu.br\/ppgss\/63a-sessao-publica-de-defesa-de-dissertacao-de-mestrado\/","title":{"rendered":"63\u00aa sess\u00e3o p\u00fablica de defesa de disserta\u00e7\u00e3o de Mestrado"},"content":{"rendered":"<p>O Programa de P\u00f3s-Gradua\u00e7\u00e3o em Servi\u00e7o Social convida a comunidade acad\u00eamica para a Defesa P\u00fablica de Disserta\u00e7\u00e3o de Mestrado do Discente <strong>Andr\u00e9 Monteiro Moraes<\/strong>, que acontecer\u00e1 no dia <strong>22 de julho de 2021<\/strong>, \u00e0s <strong>16h00min<\/strong>, na plataforma Google Meet, atrav\u00e9s do link: <a href=\"https:\/\/meet.google.com\/rer-paeb-egi\">https:\/\/meet.google.com\/won-evof-byy<br \/>\n<\/a><\/p>\n<p style=\"text-align: center\"><strong>T\u00edtulo:<\/strong><\/p>\n<p style=\"text-align: center\"><strong>&#8220;A concep\u00e7\u00e3o da educa\u00e7\u00e3o que norteia o trabalho profissional de Assistentes Sociais da Rede B\u00e1sica de Ensino de Campina Grande \u2013 PB&#8221;<\/strong><\/p>\n<p>Orientadora: Prof.\u00aa Dr.\u00aa Moema Am\u00e9lia Serpa Lopes de Souza (PPGSS\/UEPB)<\/p>\n<p><strong>Banca Examinadora:<\/strong><\/p>\n<p>Prof.\u00aa Dr.\u00aa M\u00f4nica Barros da N\u00f3brega (PPGSS\/UEPB)<\/p>\n<p>Prof.\u00aa Dr.\u00aa B\u00e1rbara da Rocha Figueiredo Chagas (DSS\/UEPB)<\/p>\n","protected":false},"excerpt":{"rendered":"<p>O Programa de P\u00f3s-Gradua\u00e7\u00e3o em Servi\u00e7o Social convida a comunidade acad\u00eamica para a Defesa P\u00fablica de Disserta\u00e7\u00e3o de Mestrado do Discente Andr\u00e9 Monteiro Moraes, que acontecer\u00e1 no dia 22 de julho de 2021, \u00e0s 16h00min, na plataforma Google Meet, atrav\u00e9s do link: https:\/\/meet.google.com\/won-evof-byy T\u00edtulo: &#8220;A concep\u00e7\u00e3o da educa\u00e7\u00e3o que norteia o trabalho profissional de Assistentes <a class=\"leiamais\" href=\"https:\/\/pos-graduacao.uepb.edu.br\/ppgss\/63a-sessao-publica-de-defesa-de-dissertacao-de-mestrado\/\">Leia Mais&#8230;<\/a><\/p>\n","protected":false},"author":60,"featured_media":0,"comment_status":"open","ping_status":"open","sticky":false,"template":"","format":"standard","meta":{"footnotes":""},"categories":[5,13],"tags":[],"class_list":["post-1433","post","type-post","status-publish","format-standard","hentry","category-noticias","category-noticias-destaque"],"_links":{"self":[{"href":"https:\/\/pos-graduacao.uepb.edu.br\/ppgss\/wp-json\/wp\/v2\/posts\/1433","targetHints":{"allow":["GET"]}}],"collection":[{"href":"https:\/\/pos-graduacao.uepb.edu.br\/ppgss\/wp-json\/wp\/v2\/posts"}],"about":[{"href":"https:\/\/pos-graduacao.uepb.edu.br\/ppgss\/wp-json\/wp\/v2\/types\/post"}],"author":[{"embeddable":true,"href":"https:\/\/pos-graduacao.uepb.edu.br\/ppgss\/wp-json\/wp\/v2\/users\/60"}],"replies":[{"embeddable":true,"href":"https:\/\/pos-graduacao.uepb.edu.br\/ppgss\/wp-json\/wp\/v2\/comments?post=1433"}],"version-history":[{"count":5,"href":"https:\/\/pos-graduacao.uepb.edu.br\/ppgss\/wp-json\/wp\/v2\/posts\/1433\/revisions"}],"predecessor-version":[{"id":1440,"href":"https:\/\/pos-graduacao.uepb.edu.br\/ppgss\/wp-json\/wp\/v2\/posts\/1433\/revisions\/1440"}],"wp:attachment":[{"href":"https:\/\/pos-graduacao.uepb.edu.br\/ppgss\/wp-json\/wp\/v2\/media?parent=1433"}],"wp:term":[{"taxonomy":"category","embeddable":true,"href":"https:\/\/pos-graduacao.uepb.edu.br\/ppgss\/wp-json\/wp\/v2\/categories?post=1433"},{"taxonomy":"post_tag","embeddable":true,"href":"https:\/\/pos-graduacao.uepb.edu.br\/ppgss\/wp-json\/wp\/v2\/tags?post=1433"}],"curies":[{"name":"wp","href":"https:\/\/api.w.org\/{rel}","templated":true}]}}