{"id":1304,"date":"2021-05-11T11:00:28","date_gmt":"2021-05-11T11:00:28","guid":{"rendered":"https:\/\/pos-graduacao.uepb.edu.br\/ppgss\/?p=1304"},"modified":"2023-10-06T12:04:59","modified_gmt":"2023-10-06T12:04:59","slug":"62a-sessao-publica-de-defesa-de-dissertacao-de-mestrado","status":"publish","type":"post","link":"https:\/\/pos-graduacao.uepb.edu.br\/ppgss\/62a-sessao-publica-de-defesa-de-dissertacao-de-mestrado\/","title":{"rendered":"62\u00aa sess\u00e3o p\u00fablica de defesa de disserta\u00e7\u00e3o de Mestrado"},"content":{"rendered":"<p>O Programa de P\u00f3s-Gradua\u00e7\u00e3o em Servi\u00e7o Social convida a comunidade acad\u00eamica para a Defesa P\u00fablica de Disserta\u00e7\u00e3o de Mestrado da Discente <strong>Ada\u00edres Eliane Dantas dos Santos<\/strong>, que acontecer\u00e1 no dia <strong>13 de maio de 2021<\/strong>, \u00e0s <strong>14h00min<\/strong>, na plataforma Google Meet, atrav\u00e9s do link: <a href=\"https:\/\/meet.google.com\/rer-paeb-egi\">https:\/\/meet.google.com\/rer-paeb-egi<\/a><\/p>\n<p style=\"text-align: center\"><strong>T\u00edtulo:<\/strong><\/p>\n<p style=\"text-align: center\"><strong>&#8220;O Programa de Assist\u00eancia Estudantil da Universidade Federal da Para\u00edba no contexto de ofensivas neoliberais \u00e0 universidade p\u00fablica brasileira&#8221;<\/strong><\/p>\n<p>Orientadora: Prof.\u00aa Dr.\u00aa Ter\u00e7alia Suassuna Vaz Lira (PPGSS\/UEPB)<\/p>\n<p><strong>Banca Examinadora:<\/strong><\/p>\n<p>Prof.\u00aa Dr.\u00aa Jordeana Davi Pereira (PPGSS\/UEPB)<\/p>\n<p>Prof.\u00aa Dr.\u00aa Edineide Jezine Mesquita Ara\u00fajo (UFPB)<\/p>\n<p>Prof.\u00aa Dr.\u00aa Sheyla Suely de Souza Silva (Suplente\/PPGSS\/UEPB)<\/p>\n","protected":false},"excerpt":{"rendered":"<p>O Programa de P\u00f3s-Gradua\u00e7\u00e3o em Servi\u00e7o Social convida a comunidade acad\u00eamica para a Defesa P\u00fablica de Disserta\u00e7\u00e3o de Mestrado da Discente Ada\u00edres Eliane Dantas dos Santos, que acontecer\u00e1 no dia 13 de maio de 2021, \u00e0s 14h00min, na plataforma Google Meet, atrav\u00e9s do link: https:\/\/meet.google.com\/rer-paeb-egi T\u00edtulo: &#8220;O Programa de Assist\u00eancia Estudantil da Universidade Federal da <a class=\"leiamais\" href=\"https:\/\/pos-graduacao.uepb.edu.br\/ppgss\/62a-sessao-publica-de-defesa-de-dissertacao-de-mestrado\/\">Leia Mais&#8230;<\/a><\/p>\n","protected":false},"author":57,"featured_media":0,"comment_status":"open","ping_status":"open","sticky":false,"template":"","format":"standard","meta":{"footnotes":""},"categories":[5,13],"tags":[],"class_list":["post-1304","post","type-post","status-publish","format-standard","hentry","category-noticias","category-noticias-destaque"],"_links":{"self":[{"href":"https:\/\/pos-graduacao.uepb.edu.br\/ppgss\/wp-json\/wp\/v2\/posts\/1304","targetHints":{"allow":["GET"]}}],"collection":[{"href":"https:\/\/pos-graduacao.uepb.edu.br\/ppgss\/wp-json\/wp\/v2\/posts"}],"about":[{"href":"https:\/\/pos-graduacao.uepb.edu.br\/ppgss\/wp-json\/wp\/v2\/types\/post"}],"author":[{"embeddable":true,"href":"https:\/\/pos-graduacao.uepb.edu.br\/ppgss\/wp-json\/wp\/v2\/users\/57"}],"replies":[{"embeddable":true,"href":"https:\/\/pos-graduacao.uepb.edu.br\/ppgss\/wp-json\/wp\/v2\/comments?post=1304"}],"version-history":[{"count":3,"href":"https:\/\/pos-graduacao.uepb.edu.br\/ppgss\/wp-json\/wp\/v2\/posts\/1304\/revisions"}],"predecessor-version":[{"id":1307,"href":"https:\/\/pos-graduacao.uepb.edu.br\/ppgss\/wp-json\/wp\/v2\/posts\/1304\/revisions\/1307"}],"wp:attachment":[{"href":"https:\/\/pos-graduacao.uepb.edu.br\/ppgss\/wp-json\/wp\/v2\/media?parent=1304"}],"wp:term":[{"taxonomy":"category","embeddable":true,"href":"https:\/\/pos-graduacao.uepb.edu.br\/ppgss\/wp-json\/wp\/v2\/categories?post=1304"},{"taxonomy":"post_tag","embeddable":true,"href":"https:\/\/pos-graduacao.uepb.edu.br\/ppgss\/wp-json\/wp\/v2\/tags?post=1304"}],"curies":[{"name":"wp","href":"https:\/\/api.w.org\/{rel}","templated":true}]}}