{"id":130,"date":"2013-09-12T12:30:44","date_gmt":"2013-09-12T12:30:44","guid":{"rendered":"\/ppgss\/?p=130"},"modified":"2013-09-12T12:30:44","modified_gmt":"2013-09-12T12:30:44","slug":"mestrado-em-servico-social-inscreve-para-selecao-de-aluno-especial-da-turma-2013-2","status":"publish","type":"post","link":"https:\/\/pos-graduacao.uepb.edu.br\/ppgss\/mestrado-em-servico-social-inscreve-para-selecao-de-aluno-especial-da-turma-2013-2\/","title":{"rendered":"Mestrado em Servi\u00e7o Social inscreve para sele\u00e7\u00e3o de aluno especial da turma 2013.2"},"content":{"rendered":"<p>O Programa de P\u00f3s-gradua\u00e7\u00e3o em Servi\u00e7o Social da Universidade Estadual da Para\u00edba (UEPB) estar\u00e1 com inscri\u00e7\u00f5es abertas, entre os dias 16 e 20 se setembro, para a sele\u00e7\u00e3o de alunos especiais da turma 2013\/2. Ao todo, est\u00e3o sendo ofertadas 15 vagas, distribu\u00eddas entre as disciplinas G\u00eanero e Trabalho; Quest\u00e3o Social e Servi\u00e7o Social; G\u00eanero\/Etnia, Ra\u00e7a, Gera\u00e7\u00e3o e Diversidade Cultural. Em cada uma delas h\u00e1 cinco vagas para serem preenchidas.<\/p>\n<p>Os interessados devem procurar a Secretaria do Mestrado em Servi\u00e7o Social, instalada na Sala 309 do Centro de Integra\u00e7\u00e3o Acad\u00eamica, das 8h \u00e0s 12h e das 14h \u00e0s 17h. Na inscri\u00e7\u00e3o, o candidato ou seu procurador devidamente constitu\u00eddo deve entregar ficha de matr\u00edcula para aluno especial \u2013 2013.2, incluindo a justificativa da disciplina escolhida; c\u00f3pia autenticada da carteira de identidade, CPF, t\u00edtulo de eleitor, certificado de reservista (para os candidatos do sexo masculino), passaporte (para os candidatos estrangeiros), diploma ou certid\u00e3o de conclus\u00e3o de curso de gradua\u00e7\u00e3o; uma fotografia atual 3\u00d74; e c\u00f3pia do Curr\u00edculo Lattes, devidamente comprovado.<\/p>\n<p>De acordo com a coordena\u00e7\u00e3o do Programa, a sele\u00e7\u00e3o dos candidatos ficar\u00e1 a crit\u00e9rio do professor que ministrar\u00e1 a disciplina ofertada, a partir da an\u00e1lise do Curr\u00edculo Lattes e avalia\u00e7\u00e3o da justificativa da disciplina escolhida. A divulga\u00e7\u00e3o dos aprovados est\u00e1 programada para acontecer no dia 25 de setembro. Para maiores informa\u00e7\u00f5es os candidatos podem entrar em contato atrav\u00e9s do telefone (83) 3344-5324, no hor\u00e1rio das 8h \u00e0s 12h e das 14h \u00e0s 17h, ou atrav\u00e9s do e-mail ppgssocial@uepb.edu.br.<\/p>\n<p><b>Servi\u00e7o<\/b><\/p>\n<p><b>Endere\u00e7o para postagem dos documentos:<\/b><\/p>\n<p>Secretaria do Programa de P\u00f3s-gradua\u00e7\u00e3o em Servi\u00e7o Social, UEPB, Campus I, Centro de Integra\u00e7\u00e3o Acad\u00eamica, Sala 309<\/p>\n<p>Rua Domitila Cabral de Castro, S\/N, 3\u00ba andar, Bairro Universit\u00e1rio, Campina Grande-PB<\/p>\n<p>CEP: 58.429-570<\/p>\n<p>Confira o <a href=\"http:\/\/www.uepb.edu.br\/download\/concursos-e-selecoes\/programas-de-pos-graduacao\/0409%20Edital%20de%20Selecao%20Para%20Aluno%20Especial%2020132.pdf\">Edital<\/a>.<\/p>\n","protected":false},"excerpt":{"rendered":"<p>O Programa de P\u00f3s-gradua\u00e7\u00e3o em Servi\u00e7o Social da Universidade Estadual da Para\u00edba (UEPB) estar\u00e1 com inscri\u00e7\u00f5es abertas, entre os dias 16 e 20 se setembro, para a sele\u00e7\u00e3o de alunos especiais da turma 2013\/2. Ao todo, est\u00e3o sendo ofertadas 15 vagas, distribu\u00eddas entre as disciplinas G\u00eanero e Trabalho; Quest\u00e3o Social e Servi\u00e7o Social; G\u00eanero\/Etnia, Ra\u00e7a, <a class=\"leiamais\" href=\"https:\/\/pos-graduacao.uepb.edu.br\/ppgss\/mestrado-em-servico-social-inscreve-para-selecao-de-aluno-especial-da-turma-2013-2\/\">Leia Mais&#8230;<\/a><\/p>\n","protected":false},"author":5,"featured_media":0,"comment_status":"open","ping_status":"open","sticky":false,"template":"","format":"standard","meta":{"footnotes":""},"categories":[5],"tags":[],"class_list":["post-130","post","type-post","status-publish","format-standard","hentry","category-noticias"],"_links":{"self":[{"href":"https:\/\/pos-graduacao.uepb.edu.br\/ppgss\/wp-json\/wp\/v2\/posts\/130","targetHints":{"allow":["GET"]}}],"collection":[{"href":"https:\/\/pos-graduacao.uepb.edu.br\/ppgss\/wp-json\/wp\/v2\/posts"}],"about":[{"href":"https:\/\/pos-graduacao.uepb.edu.br\/ppgss\/wp-json\/wp\/v2\/types\/post"}],"author":[{"embeddable":true,"href":"https:\/\/pos-graduacao.uepb.edu.br\/ppgss\/wp-json\/wp\/v2\/users\/5"}],"replies":[{"embeddable":true,"href":"https:\/\/pos-graduacao.uepb.edu.br\/ppgss\/wp-json\/wp\/v2\/comments?post=130"}],"version-history":[{"count":1,"href":"https:\/\/pos-graduacao.uepb.edu.br\/ppgss\/wp-json\/wp\/v2\/posts\/130\/revisions"}],"predecessor-version":[{"id":131,"href":"https:\/\/pos-graduacao.uepb.edu.br\/ppgss\/wp-json\/wp\/v2\/posts\/130\/revisions\/131"}],"wp:attachment":[{"href":"https:\/\/pos-graduacao.uepb.edu.br\/ppgss\/wp-json\/wp\/v2\/media?parent=130"}],"wp:term":[{"taxonomy":"category","embeddable":true,"href":"https:\/\/pos-graduacao.uepb.edu.br\/ppgss\/wp-json\/wp\/v2\/categories?post=130"},{"taxonomy":"post_tag","embeddable":true,"href":"https:\/\/pos-graduacao.uepb.edu.br\/ppgss\/wp-json\/wp\/v2\/tags?post=130"}],"curies":[{"name":"wp","href":"https:\/\/api.w.org\/{rel}","templated":true}]}}