{"id":1272,"date":"2021-04-06T18:06:42","date_gmt":"2021-04-06T18:06:42","guid":{"rendered":"https:\/\/pos-graduacao.uepb.edu.br\/ppgss\/?p=1272"},"modified":"2023-10-06T12:05:06","modified_gmt":"2023-10-06T12:05:06","slug":"aula-magna-o-discurso-do-empreendedorismo-e-suas-repercussoes-para-os-trabalhadores","status":"publish","type":"post","link":"https:\/\/pos-graduacao.uepb.edu.br\/ppgss\/aula-magna-o-discurso-do-empreendedorismo-e-suas-repercussoes-para-os-trabalhadores\/","title":{"rendered":"Aula magna &#8211; \u201cO discurso do empreendedorismo e suas repercuss\u00f5es para os trabalhadores\u201d"},"content":{"rendered":"<p>O Programa de P\u00f3s-Gradua\u00e7\u00e3o em Servi\u00e7o Social da Universidade Estadual da Para\u00edba (PPGSS\/UEPB) e o Departamento de Servi\u00e7o Social (DSS\/UEPB), em mais uma parceria com o Grupo de Investiga\u00e7\u00e3o Hist\u00f3ria Global do Trabalho e dos Conflitos Sociais, do Instituto de Hist\u00f3ria Contempor\u00e2nea da Universidade Nova de Lisboa (GHGTCS\/IHC\/UNL), realizar\u00e3o, no pr\u00f3ximo dia <strong>15 de abril<\/strong>, \u00e0s <strong>14:00h<\/strong> (18:00h no hor\u00e1rio de Lisboa), a aula inaugural do semestre letivo da Gradua\u00e7\u00e3o e do Mestrado em Servi\u00e7o Social, com o tema \u201c<strong><em>O discurso do empreendedorismo e suas repercuss\u00f5es para os trabalhadores<\/em><\/strong>\u201d, ministrada pela Profa. Dra. <strong>Maria Augusta Tavares<\/strong>, Investigadora integrada ao Instituto de Hist\u00f3ria Contempor\u00e2nea\/UNL.<\/p>\n<p>O PPGSS, o DSS e o GHGTCS convidam toda a comunidade acad\u00eamica a assistirem \u00e0 esta aula magna atrav\u00e9s do canal no YouTube: <a href=\"https:\/\/www.youtube.com\/channel\/UCAxSxD_lmH1zxuLQ0X8Idyw\">https:\/\/www.youtube.com\/channel\/UCAxSxD_lmH1zxuLQ0X8Idyw<\/a><\/p>\n","protected":false},"excerpt":{"rendered":"<p>O Programa de P\u00f3s-Gradua\u00e7\u00e3o em Servi\u00e7o Social da Universidade Estadual da Para\u00edba (PPGSS\/UEPB) e o Departamento de Servi\u00e7o Social (DSS\/UEPB), em mais uma parceria com o Grupo de Investiga\u00e7\u00e3o Hist\u00f3ria Global do Trabalho e dos Conflitos Sociais, do Instituto de Hist\u00f3ria Contempor\u00e2nea da Universidade Nova de Lisboa (GHGTCS\/IHC\/UNL), realizar\u00e3o, no pr\u00f3ximo dia 15 de abril, <a class=\"leiamais\" href=\"https:\/\/pos-graduacao.uepb.edu.br\/ppgss\/aula-magna-o-discurso-do-empreendedorismo-e-suas-repercussoes-para-os-trabalhadores\/\">Leia Mais&#8230;<\/a><\/p>\n","protected":false},"author":57,"featured_media":0,"comment_status":"open","ping_status":"open","sticky":false,"template":"","format":"standard","meta":{"footnotes":""},"categories":[5,13],"tags":[],"class_list":["post-1272","post","type-post","status-publish","format-standard","hentry","category-noticias","category-noticias-destaque"],"_links":{"self":[{"href":"https:\/\/pos-graduacao.uepb.edu.br\/ppgss\/wp-json\/wp\/v2\/posts\/1272","targetHints":{"allow":["GET"]}}],"collection":[{"href":"https:\/\/pos-graduacao.uepb.edu.br\/ppgss\/wp-json\/wp\/v2\/posts"}],"about":[{"href":"https:\/\/pos-graduacao.uepb.edu.br\/ppgss\/wp-json\/wp\/v2\/types\/post"}],"author":[{"embeddable":true,"href":"https:\/\/pos-graduacao.uepb.edu.br\/ppgss\/wp-json\/wp\/v2\/users\/57"}],"replies":[{"embeddable":true,"href":"https:\/\/pos-graduacao.uepb.edu.br\/ppgss\/wp-json\/wp\/v2\/comments?post=1272"}],"version-history":[{"count":1,"href":"https:\/\/pos-graduacao.uepb.edu.br\/ppgss\/wp-json\/wp\/v2\/posts\/1272\/revisions"}],"predecessor-version":[{"id":1273,"href":"https:\/\/pos-graduacao.uepb.edu.br\/ppgss\/wp-json\/wp\/v2\/posts\/1272\/revisions\/1273"}],"wp:attachment":[{"href":"https:\/\/pos-graduacao.uepb.edu.br\/ppgss\/wp-json\/wp\/v2\/media?parent=1272"}],"wp:term":[{"taxonomy":"category","embeddable":true,"href":"https:\/\/pos-graduacao.uepb.edu.br\/ppgss\/wp-json\/wp\/v2\/categories?post=1272"},{"taxonomy":"post_tag","embeddable":true,"href":"https:\/\/pos-graduacao.uepb.edu.br\/ppgss\/wp-json\/wp\/v2\/tags?post=1272"}],"curies":[{"name":"wp","href":"https:\/\/api.w.org\/{rel}","templated":true}]}}