{"id":1151,"date":"2020-10-13T16:04:46","date_gmt":"2020-10-13T16:04:46","guid":{"rendered":"https:\/\/pos-graduacao.uepb.edu.br\/ppgss\/?p=1151"},"modified":"2023-10-06T12:13:02","modified_gmt":"2023-10-06T12:13:02","slug":"58a-sessao-publica-de-defesa-de-dissertacao-de-mestrado","status":"publish","type":"post","link":"https:\/\/pos-graduacao.uepb.edu.br\/ppgss\/58a-sessao-publica-de-defesa-de-dissertacao-de-mestrado\/","title":{"rendered":"58\u00aa sess\u00e3o p\u00fablica de defesa de disserta\u00e7\u00e3o de Mestrado"},"content":{"rendered":"<p>O Programa de P\u00f3s-Gradua\u00e7\u00e3o convida a comunidade acad\u00eamica para a Defesa P\u00fablica de Disserta\u00e7\u00e3o de Mestrado da Discente <strong>Rayssa K\u00e9ssia Eug\u00eania Rodrigues<\/strong>, que acontecer\u00e1 no dia <strong>14\u00a0de outubro de 2020<\/strong>, \u00e0s <strong>9h00min<\/strong>, na plataforma Google Meet, atrav\u00e9s do link: <a href=\"https:\/\/meet.google.com\/bwr-jmkc-bjp\">https:\/\/meet.google.com\/mvj-nhpt-iki<\/a><\/p>\n<p style=\"text-align: center\"><strong>T\u00edtulo:<\/strong><\/p>\n<p style=\"text-align: center\">&#8220;Intensifica\u00e7\u00e3o do ajuste fiscal e as implica\u00e7\u00f5es no or\u00e7amento da Seguridade Social no Brasil.&#8221;<\/p>\n<p>&nbsp;<\/p>\n<p>Orientadora: Prof.\u00aa Dr.\u00aa Jordeana Davi Pereira (PPGSS\/UEPB)<\/p>\n<p><strong>Banca Examinadora:<\/strong><\/p>\n<p style=\"margin: 0cm;margin-bottom: .0001pt\">Prof.\u00aa Dr.\u00aa Sheyla Suely de Souza Silva (PPGSS\/UEPB)<\/p>\n<p style=\"margin: 0cm;margin-bottom: .0001pt\">Prof. Dr. Geraldo Medeiros J\u00fanior (DAEC\/UEPB<\/p>\n<p style=\"margin: 0cm;margin-bottom: .0001pt\">Prof. Dr. Henrique Andr\u00e9 Ramos Wellen (PPGSS\/UFRN)<\/p>\n<p style=\"margin: 0cm;margin-bottom: .0001pt\">Prof.\u00aa Dr.\u00aa Ter\u00e7alia Suassuna Vaz Lira (Suplente\/PPGSS\/UEPB)<\/p>\n","protected":false},"excerpt":{"rendered":"<p>O Programa de P\u00f3s-Gradua\u00e7\u00e3o convida a comunidade acad\u00eamica para a Defesa P\u00fablica de Disserta\u00e7\u00e3o de Mestrado da Discente Rayssa K\u00e9ssia Eug\u00eania Rodrigues, que acontecer\u00e1 no dia 14\u00a0de outubro de 2020, \u00e0s 9h00min, na plataforma Google Meet, atrav\u00e9s do link: https:\/\/meet.google.com\/mvj-nhpt-iki T\u00edtulo: &#8220;Intensifica\u00e7\u00e3o do ajuste fiscal e as implica\u00e7\u00f5es no or\u00e7amento da Seguridade Social no Brasil.&#8221; <a class=\"leiamais\" href=\"https:\/\/pos-graduacao.uepb.edu.br\/ppgss\/58a-sessao-publica-de-defesa-de-dissertacao-de-mestrado\/\">Leia Mais&#8230;<\/a><\/p>\n","protected":false},"author":57,"featured_media":0,"comment_status":"open","ping_status":"open","sticky":false,"template":"","format":"standard","meta":{"footnotes":""},"categories":[5,13],"tags":[],"class_list":["post-1151","post","type-post","status-publish","format-standard","hentry","category-noticias","category-noticias-destaque"],"_links":{"self":[{"href":"https:\/\/pos-graduacao.uepb.edu.br\/ppgss\/wp-json\/wp\/v2\/posts\/1151","targetHints":{"allow":["GET"]}}],"collection":[{"href":"https:\/\/pos-graduacao.uepb.edu.br\/ppgss\/wp-json\/wp\/v2\/posts"}],"about":[{"href":"https:\/\/pos-graduacao.uepb.edu.br\/ppgss\/wp-json\/wp\/v2\/types\/post"}],"author":[{"embeddable":true,"href":"https:\/\/pos-graduacao.uepb.edu.br\/ppgss\/wp-json\/wp\/v2\/users\/57"}],"replies":[{"embeddable":true,"href":"https:\/\/pos-graduacao.uepb.edu.br\/ppgss\/wp-json\/wp\/v2\/comments?post=1151"}],"version-history":[{"count":1,"href":"https:\/\/pos-graduacao.uepb.edu.br\/ppgss\/wp-json\/wp\/v2\/posts\/1151\/revisions"}],"predecessor-version":[{"id":1152,"href":"https:\/\/pos-graduacao.uepb.edu.br\/ppgss\/wp-json\/wp\/v2\/posts\/1151\/revisions\/1152"}],"wp:attachment":[{"href":"https:\/\/pos-graduacao.uepb.edu.br\/ppgss\/wp-json\/wp\/v2\/media?parent=1151"}],"wp:term":[{"taxonomy":"category","embeddable":true,"href":"https:\/\/pos-graduacao.uepb.edu.br\/ppgss\/wp-json\/wp\/v2\/categories?post=1151"},{"taxonomy":"post_tag","embeddable":true,"href":"https:\/\/pos-graduacao.uepb.edu.br\/ppgss\/wp-json\/wp\/v2\/tags?post=1151"}],"curies":[{"name":"wp","href":"https:\/\/api.w.org\/{rel}","templated":true}]}}