{"id":1132,"date":"2020-09-21T21:15:08","date_gmt":"2020-09-21T21:15:08","guid":{"rendered":"https:\/\/pos-graduacao.uepb.edu.br\/ppgss\/?p=1132"},"modified":"2023-10-06T12:15:30","modified_gmt":"2023-10-06T12:15:30","slug":"seminario-regional-servico-social-na-pos-graduacao","status":"publish","type":"post","link":"https:\/\/pos-graduacao.uepb.edu.br\/ppgss\/seminario-regional-servico-social-na-pos-graduacao\/","title":{"rendered":"Semin\u00e1rio Regional Servi\u00e7o Social na P\u00f3s-Gradua\u00e7\u00e3o"},"content":{"rendered":"<p>A Coordena\u00e7\u00e3o do Programa de P\u00f3s-Gradua\u00e7\u00e3o em Servi\u00e7o Social convida a todos os interessados para participar, nos dias <strong>22 e 23 de setembro de 2020<\/strong>, de forma online, do &#8220;Semin\u00e1rio Regional Servi\u00e7o Social na P\u00f3s-Gradua\u00e7\u00e3o: conjuntura e produ\u00e7\u00e3o de conhecimento&#8221;, promovido pelo GEFESS (PPGSS\/UFRGS) e pelo FORMASS (PPGSS\/PUCRS). A Mesa Redonda do dia 23 de setembro, \u00e0s 14h00, cujo tema debatido ser\u00e1 &#8220;Tend\u00eancias e desafios na forma\u00e7\u00e3o em Servi\u00e7o Social na P\u00f3s-Gradua\u00e7\u00e3o&#8221;, contar\u00e1 com a condu\u00e7\u00e3o da Prof\u00aa. Dr\u00aa. Moema Am\u00e9lia Serpa Lopes de Souza, coordenadora deste programa.<\/p>\n<p>Os detalhes da programa\u00e7\u00e3o podem ser encontrados na p\u00e1gina oficial do Semin\u00e1rio no Facebook: <a href=\"https:\/\/www.facebook.com\/SeminarioRegionalSSnaPosgraduacao\">https:\/\/www.facebook.com\/SeminarioRegionalSSnaPosgraduacao<\/a><\/p>\n","protected":false},"excerpt":{"rendered":"<p>A Coordena\u00e7\u00e3o do Programa de P\u00f3s-Gradua\u00e7\u00e3o em Servi\u00e7o Social convida a todos os interessados para participar, nos dias 22 e 23 de setembro de 2020, de forma online, do &#8220;Semin\u00e1rio Regional Servi\u00e7o Social na P\u00f3s-Gradua\u00e7\u00e3o: conjuntura e produ\u00e7\u00e3o de conhecimento&#8221;, promovido pelo GEFESS (PPGSS\/UFRGS) e pelo FORMASS (PPGSS\/PUCRS). A Mesa Redonda do dia 23 de <a class=\"leiamais\" href=\"https:\/\/pos-graduacao.uepb.edu.br\/ppgss\/seminario-regional-servico-social-na-pos-graduacao\/\">Leia Mais&#8230;<\/a><\/p>\n","protected":false},"author":57,"featured_media":0,"comment_status":"open","ping_status":"open","sticky":false,"template":"","format":"standard","meta":{"footnotes":""},"categories":[5,13],"tags":[],"class_list":["post-1132","post","type-post","status-publish","format-standard","hentry","category-noticias","category-noticias-destaque"],"_links":{"self":[{"href":"https:\/\/pos-graduacao.uepb.edu.br\/ppgss\/wp-json\/wp\/v2\/posts\/1132","targetHints":{"allow":["GET"]}}],"collection":[{"href":"https:\/\/pos-graduacao.uepb.edu.br\/ppgss\/wp-json\/wp\/v2\/posts"}],"about":[{"href":"https:\/\/pos-graduacao.uepb.edu.br\/ppgss\/wp-json\/wp\/v2\/types\/post"}],"author":[{"embeddable":true,"href":"https:\/\/pos-graduacao.uepb.edu.br\/ppgss\/wp-json\/wp\/v2\/users\/57"}],"replies":[{"embeddable":true,"href":"https:\/\/pos-graduacao.uepb.edu.br\/ppgss\/wp-json\/wp\/v2\/comments?post=1132"}],"version-history":[{"count":2,"href":"https:\/\/pos-graduacao.uepb.edu.br\/ppgss\/wp-json\/wp\/v2\/posts\/1132\/revisions"}],"predecessor-version":[{"id":1134,"href":"https:\/\/pos-graduacao.uepb.edu.br\/ppgss\/wp-json\/wp\/v2\/posts\/1132\/revisions\/1134"}],"wp:attachment":[{"href":"https:\/\/pos-graduacao.uepb.edu.br\/ppgss\/wp-json\/wp\/v2\/media?parent=1132"}],"wp:term":[{"taxonomy":"category","embeddable":true,"href":"https:\/\/pos-graduacao.uepb.edu.br\/ppgss\/wp-json\/wp\/v2\/categories?post=1132"},{"taxonomy":"post_tag","embeddable":true,"href":"https:\/\/pos-graduacao.uepb.edu.br\/ppgss\/wp-json\/wp\/v2\/tags?post=1132"}],"curies":[{"name":"wp","href":"https:\/\/api.w.org\/{rel}","templated":true}]}}