{"id":1130,"date":"2020-09-21T17:28:10","date_gmt":"2020-09-21T17:28:10","guid":{"rendered":"https:\/\/pos-graduacao.uepb.edu.br\/ppgss\/?p=1130"},"modified":"2023-10-06T12:13:30","modified_gmt":"2023-10-06T12:13:30","slug":"54a-sessao-publica-de-defesa-de-dissertacao-de-mestrado","status":"publish","type":"post","link":"https:\/\/pos-graduacao.uepb.edu.br\/ppgss\/54a-sessao-publica-de-defesa-de-dissertacao-de-mestrado\/","title":{"rendered":"54\u00aa sess\u00e3o p\u00fablica de defesa de disserta\u00e7\u00e3o de Mestrado"},"content":{"rendered":"<p>O Programa de P\u00f3s-Gradua\u00e7\u00e3o convida a comunidade acad\u00eamica para a Defesa P\u00fablica de Disserta\u00e7\u00e3o de Mestrado da Discente <strong>Thamyres Alves de Ara\u00fajo<\/strong>, que acontecer\u00e1 no dia <strong>23 de setembro de 2020<\/strong>, \u00e0s <strong>15h00min<\/strong>, na plataforma Google Meet, atrav\u00e9s do link: <a href=\"https:\/\/meet.google.com\/rcf-rbkm-zix\">https:\/\/meet.google.com\/rcf-rbkm-zix<\/a><\/p>\n<p style=\"text-align: center\"><strong>T\u00edtulo:<\/strong><\/p>\n<p style=\"text-align: center\">&#8220;O processo de educa\u00e7\u00e3o permanente no \u00e2mbito do Servi\u00e7o Social no atual contexto de crise capitalista.&#8221;<\/p>\n<p>&nbsp;<\/p>\n<p>Orientadora: Prof.\u00aa Dr.\u00aa M\u00f4nica Barros da N\u00f3brega (PPGSS\/UEPB)<\/p>\n<p><strong>Banca Examinadora:<\/strong><\/p>\n<p style=\"margin: 0cm;margin-bottom: .0001pt\">Prof.\u00aa Dr.\u00aa B\u00e1rbara da Rocha Figueiredo Chagas (DSS\/UEPB)<\/p>\n<p style=\"margin: 0cm;margin-bottom: .0001pt\">Prof.\u00aa Dr.\u00aa Luciana Batista de Oliveira Cantalice (UFPB)<\/p>\n<p style=\"margin: 0cm;margin-bottom: .0001pt\">Prof.\u00aa Dr.\u00aa Moema Am\u00e9lia Serpa Lopes de Souza (Suplente\/PPGSS\/UEPB)<\/p>\n","protected":false},"excerpt":{"rendered":"<p>O Programa de P\u00f3s-Gradua\u00e7\u00e3o convida a comunidade acad\u00eamica para a Defesa P\u00fablica de Disserta\u00e7\u00e3o de Mestrado da Discente Thamyres Alves de Ara\u00fajo, que acontecer\u00e1 no dia 23 de setembro de 2020, \u00e0s 15h00min, na plataforma Google Meet, atrav\u00e9s do link: https:\/\/meet.google.com\/rcf-rbkm-zix T\u00edtulo: &#8220;O processo de educa\u00e7\u00e3o permanente no \u00e2mbito do Servi\u00e7o Social no atual contexto <a class=\"leiamais\" href=\"https:\/\/pos-graduacao.uepb.edu.br\/ppgss\/54a-sessao-publica-de-defesa-de-dissertacao-de-mestrado\/\">Leia Mais&#8230;<\/a><\/p>\n","protected":false},"author":57,"featured_media":0,"comment_status":"open","ping_status":"open","sticky":false,"template":"","format":"standard","meta":{"footnotes":""},"categories":[5,13],"tags":[],"class_list":["post-1130","post","type-post","status-publish","format-standard","hentry","category-noticias","category-noticias-destaque"],"_links":{"self":[{"href":"https:\/\/pos-graduacao.uepb.edu.br\/ppgss\/wp-json\/wp\/v2\/posts\/1130","targetHints":{"allow":["GET"]}}],"collection":[{"href":"https:\/\/pos-graduacao.uepb.edu.br\/ppgss\/wp-json\/wp\/v2\/posts"}],"about":[{"href":"https:\/\/pos-graduacao.uepb.edu.br\/ppgss\/wp-json\/wp\/v2\/types\/post"}],"author":[{"embeddable":true,"href":"https:\/\/pos-graduacao.uepb.edu.br\/ppgss\/wp-json\/wp\/v2\/users\/57"}],"replies":[{"embeddable":true,"href":"https:\/\/pos-graduacao.uepb.edu.br\/ppgss\/wp-json\/wp\/v2\/comments?post=1130"}],"version-history":[{"count":1,"href":"https:\/\/pos-graduacao.uepb.edu.br\/ppgss\/wp-json\/wp\/v2\/posts\/1130\/revisions"}],"predecessor-version":[{"id":1131,"href":"https:\/\/pos-graduacao.uepb.edu.br\/ppgss\/wp-json\/wp\/v2\/posts\/1130\/revisions\/1131"}],"wp:attachment":[{"href":"https:\/\/pos-graduacao.uepb.edu.br\/ppgss\/wp-json\/wp\/v2\/media?parent=1130"}],"wp:term":[{"taxonomy":"category","embeddable":true,"href":"https:\/\/pos-graduacao.uepb.edu.br\/ppgss\/wp-json\/wp\/v2\/categories?post=1130"},{"taxonomy":"post_tag","embeddable":true,"href":"https:\/\/pos-graduacao.uepb.edu.br\/ppgss\/wp-json\/wp\/v2\/tags?post=1130"}],"curies":[{"name":"wp","href":"https:\/\/api.w.org\/{rel}","templated":true}]}}