{"id":1115,"date":"2020-07-01T09:00:17","date_gmt":"2020-07-01T09:00:17","guid":{"rendered":"https:\/\/pos-graduacao.uepb.edu.br\/ppgss\/?p=1115"},"modified":"2023-10-06T12:13:54","modified_gmt":"2023-10-06T12:13:54","slug":"51a-sessao-publica-de-defesa-de-dissertacao-de-mestrado","status":"publish","type":"post","link":"https:\/\/pos-graduacao.uepb.edu.br\/ppgss\/51a-sessao-publica-de-defesa-de-dissertacao-de-mestrado\/","title":{"rendered":"51\u00aa sess\u00e3o p\u00fablica de defesa de disserta\u00e7\u00e3o de Mestrado"},"content":{"rendered":"<p>O Programa de P\u00f3s-Gradua\u00e7\u00e3o convida a comunidade acad\u00eamica para a Defesa P\u00fablica de Disserta\u00e7\u00e3o de Mestrado do Discente Fabr\u00edcio Rodrigues da Silva, que acontecer\u00e1 no dia <strong>08 de julho de 2020<\/strong>, \u00e0s <strong>9h30min<\/strong>, na plataforma Google Meet, atrav\u00e9s do link: <a href=\"https:\/\/meet.google.com\/pby-uujv-cia\">https:\/\/meet.google.com\/pby-uujv-cia<\/a><\/p>\n<p style=\"text-align: center\"><b><br \/>\n<\/b><strong>T\u00edtulo:<\/strong><br \/>\n\u201cImplica\u00e7\u00f5es das ren\u00fancias tribut\u00e1rias no or\u00e7amento da Previd\u00eancia Social no Brasil\u201d<\/p>\n<p>Orientadora: Prof.\u00aa Dr.\u00aa Jordeana Davi Pereira (PPGSS\/UEPB)<\/p>\n<p><strong>Banca Examinadora:<\/strong><\/p>\n<p style=\"margin: 0cm;margin-bottom: .0001pt\">Prof.\u00aa Dr.\u00aa Sheyla Suely de Souza Silva (PPGSS\/UEPB)<br \/>\nProf.\u00aa Dr.\u00aa Riv\u00e2nia L\u00facia Moura de Assis (PPGSS\/UERN)<br \/>\nProf.\u00ba Dr.\u00ba Geraldo Medeiros J\u00fanior (DAEC\/UEPB)<\/p>\n<p style=\"margin: 0cm;margin-bottom: .0001pt\">Prof.\u00aa Dr.\u00aa Alessandra Ximenes da Silva (Suplente\/PPGSS\/UEPB)<\/p>\n","protected":false},"excerpt":{"rendered":"<p>O Programa de P\u00f3s-Gradua\u00e7\u00e3o convida a comunidade acad\u00eamica para a Defesa P\u00fablica de Disserta\u00e7\u00e3o de Mestrado do Discente Fabr\u00edcio Rodrigues da Silva, que acontecer\u00e1 no dia 08 de julho de 2020, \u00e0s 9h30min, na plataforma Google Meet, atrav\u00e9s do link: https:\/\/meet.google.com\/pby-uujv-cia T\u00edtulo: \u201cImplica\u00e7\u00f5es das ren\u00fancias tribut\u00e1rias no or\u00e7amento da Previd\u00eancia Social no Brasil\u201d Orientadora: Prof.\u00aa <a class=\"leiamais\" href=\"https:\/\/pos-graduacao.uepb.edu.br\/ppgss\/51a-sessao-publica-de-defesa-de-dissertacao-de-mestrado\/\">Leia Mais&#8230;<\/a><\/p>\n","protected":false},"author":57,"featured_media":0,"comment_status":"open","ping_status":"open","sticky":false,"template":"","format":"standard","meta":{"footnotes":""},"categories":[5,13],"tags":[],"class_list":["post-1115","post","type-post","status-publish","format-standard","hentry","category-noticias","category-noticias-destaque"],"_links":{"self":[{"href":"https:\/\/pos-graduacao.uepb.edu.br\/ppgss\/wp-json\/wp\/v2\/posts\/1115","targetHints":{"allow":["GET"]}}],"collection":[{"href":"https:\/\/pos-graduacao.uepb.edu.br\/ppgss\/wp-json\/wp\/v2\/posts"}],"about":[{"href":"https:\/\/pos-graduacao.uepb.edu.br\/ppgss\/wp-json\/wp\/v2\/types\/post"}],"author":[{"embeddable":true,"href":"https:\/\/pos-graduacao.uepb.edu.br\/ppgss\/wp-json\/wp\/v2\/users\/57"}],"replies":[{"embeddable":true,"href":"https:\/\/pos-graduacao.uepb.edu.br\/ppgss\/wp-json\/wp\/v2\/comments?post=1115"}],"version-history":[{"count":2,"href":"https:\/\/pos-graduacao.uepb.edu.br\/ppgss\/wp-json\/wp\/v2\/posts\/1115\/revisions"}],"predecessor-version":[{"id":1117,"href":"https:\/\/pos-graduacao.uepb.edu.br\/ppgss\/wp-json\/wp\/v2\/posts\/1115\/revisions\/1117"}],"wp:attachment":[{"href":"https:\/\/pos-graduacao.uepb.edu.br\/ppgss\/wp-json\/wp\/v2\/media?parent=1115"}],"wp:term":[{"taxonomy":"category","embeddable":true,"href":"https:\/\/pos-graduacao.uepb.edu.br\/ppgss\/wp-json\/wp\/v2\/categories?post=1115"},{"taxonomy":"post_tag","embeddable":true,"href":"https:\/\/pos-graduacao.uepb.edu.br\/ppgss\/wp-json\/wp\/v2\/tags?post=1115"}],"curies":[{"name":"wp","href":"https:\/\/api.w.org\/{rel}","templated":true}]}}