{"id":1083,"date":"2020-06-26T11:35:32","date_gmt":"2020-06-26T11:35:32","guid":{"rendered":"https:\/\/pos-graduacao.uepb.edu.br\/ppgss\/?p=1083"},"modified":"2023-10-06T12:14:10","modified_gmt":"2023-10-06T12:14:10","slug":"defesa-publica-de-dissertacao-de-mestrado","status":"publish","type":"post","link":"https:\/\/pos-graduacao.uepb.edu.br\/ppgss\/defesa-publica-de-dissertacao-de-mestrado\/","title":{"rendered":"50\u00aa sess\u00e3o p\u00fablica de defesa de disserta\u00e7\u00e3o de Mestrado"},"content":{"rendered":"<p>O Programa de P\u00f3s-Gradua\u00e7\u00e3o convida a comunidade acad\u00eamica para a Defesa P\u00fablica de Disserta\u00e7\u00e3o de Mestrado da Discente Elinadja Fons\u00eaca Silva, que acontecer\u00e1 no dia <strong>29 de junho de 2020<\/strong>, \u00e0s <strong>13h15min<\/strong>, na plataforma Google Meet, atrav\u00e9s do link: <a href=\"http:\/\/meet.google.com\/kkj-bkam-ygq\">meet.google.com\/kkj-bkam-ygq<\/a><\/p>\n<p style=\"text-align: center\"><b><br \/>\n<\/b><strong>T\u00edtulo:<\/strong><br \/>\n\u201cOrganiza\u00e7\u00e3o feminista no levante popular da juventude: an\u00e1lise da constru\u00e7\u00e3o do feminismo\u201d<\/p>\n<p>Orientadora: Prof.\u00aa Dr.\u00aa Silvana Mara de Morais dos Santos<\/p>\n<p><strong>Banca Examinadora:<\/strong><br \/>\nProf.\u00aa Dr.\u00aa Sheyla Suely de Souza Silva (UEPB)<br \/>\nProf.\u00aa Dr.\u00aa Rita de Lourdes de Lima (UFRN)<br \/>\nProf.\u00aa Dr.\u00aa Andrea Lima da Silva (UFRN)<b><br \/>\n<\/b><\/p>\n","protected":false},"excerpt":{"rendered":"<p>O Programa de P\u00f3s-Gradua\u00e7\u00e3o convida a comunidade acad\u00eamica para a Defesa P\u00fablica de Disserta\u00e7\u00e3o de Mestrado da Discente Elinadja Fons\u00eaca Silva, que acontecer\u00e1 no dia 29 de junho de 2020, \u00e0s 13h15min, na plataforma Google Meet, atrav\u00e9s do link: meet.google.com\/kkj-bkam-ygq T\u00edtulo: \u201cOrganiza\u00e7\u00e3o feminista no levante popular da juventude: an\u00e1lise da constru\u00e7\u00e3o do feminismo\u201d Orientadora: Prof.\u00aa <a class=\"leiamais\" href=\"https:\/\/pos-graduacao.uepb.edu.br\/ppgss\/defesa-publica-de-dissertacao-de-mestrado\/\">Leia Mais&#8230;<\/a><\/p>\n","protected":false},"author":57,"featured_media":0,"comment_status":"open","ping_status":"open","sticky":false,"template":"","format":"standard","meta":{"footnotes":""},"categories":[5,13],"tags":[],"class_list":["post-1083","post","type-post","status-publish","format-standard","hentry","category-noticias","category-noticias-destaque"],"_links":{"self":[{"href":"https:\/\/pos-graduacao.uepb.edu.br\/ppgss\/wp-json\/wp\/v2\/posts\/1083","targetHints":{"allow":["GET"]}}],"collection":[{"href":"https:\/\/pos-graduacao.uepb.edu.br\/ppgss\/wp-json\/wp\/v2\/posts"}],"about":[{"href":"https:\/\/pos-graduacao.uepb.edu.br\/ppgss\/wp-json\/wp\/v2\/types\/post"}],"author":[{"embeddable":true,"href":"https:\/\/pos-graduacao.uepb.edu.br\/ppgss\/wp-json\/wp\/v2\/users\/57"}],"replies":[{"embeddable":true,"href":"https:\/\/pos-graduacao.uepb.edu.br\/ppgss\/wp-json\/wp\/v2\/comments?post=1083"}],"version-history":[{"count":13,"href":"https:\/\/pos-graduacao.uepb.edu.br\/ppgss\/wp-json\/wp\/v2\/posts\/1083\/revisions"}],"predecessor-version":[{"id":1114,"href":"https:\/\/pos-graduacao.uepb.edu.br\/ppgss\/wp-json\/wp\/v2\/posts\/1083\/revisions\/1114"}],"wp:attachment":[{"href":"https:\/\/pos-graduacao.uepb.edu.br\/ppgss\/wp-json\/wp\/v2\/media?parent=1083"}],"wp:term":[{"taxonomy":"category","embeddable":true,"href":"https:\/\/pos-graduacao.uepb.edu.br\/ppgss\/wp-json\/wp\/v2\/categories?post=1083"},{"taxonomy":"post_tag","embeddable":true,"href":"https:\/\/pos-graduacao.uepb.edu.br\/ppgss\/wp-json\/wp\/v2\/tags?post=1083"}],"curies":[{"name":"wp","href":"https:\/\/api.w.org\/{rel}","templated":true}]}}