{"id":1073,"date":"2020-06-01T18:59:17","date_gmt":"2020-06-01T18:59:17","guid":{"rendered":"https:\/\/pos-graduacao.uepb.edu.br\/ppgss\/?p=1073"},"modified":"2023-10-06T12:14:17","modified_gmt":"2023-10-06T12:14:17","slug":"ppgss-promove-debate-sobre-os-filmes-bacurau-e-parasita","status":"publish","type":"post","link":"https:\/\/pos-graduacao.uepb.edu.br\/ppgss\/ppgss-promove-debate-sobre-os-filmes-bacurau-e-parasita\/","title":{"rendered":"PPGSS promove debate sobre os filmes &#8220;Bacurau&#8221; e &#8220;Parasita&#8221;"},"content":{"rendered":"<p>O Programa de P\u00f3s-Gradua\u00e7\u00e3o em Servi\u00e7o Social convida a comunidade acad\u00eamica para participar da live \u201cBacurau + Parasita: uma interpreta\u00e7\u00e3o \u00e0 luz da dial\u00e9tica da luta de classes\u201d, que ser\u00e1 conduzida pelo Prof.\u00ba Dr.\u00ba Jamerson de Souza no pr\u00f3ximo dia 11 de junho de 2020, a partir das 15h00, na plataforma Google Meet.<\/p>\n<p>Para garantir o recebimento do link de participa\u00e7\u00e3o na live, basta preencher o formul\u00e1rio abaixo:<\/p>\n<p style=\"text-align: center\"><a href=\"https:\/\/forms.gle\/eMwrVCjbs7u4PrLi6\">Inscreva-se aqui.<\/a><\/p>\n<p style=\"text-align: left\" align=\"center\"><strong><i>FILMOGRAFIA:<\/i><\/strong><\/p>\n<p>BACURAU. 29 de agosto de 2019 \/ 2h 10min \/ Drama, Suspense<br \/>\nDire\u00e7\u00e3o: Kleber Mendon\u00e7a Filho, Juliano Dornelles<br \/>\nElenco: S\u00f4nia Braga, Udo Kier, Barbara Colen<br \/>\nNacionalidades Brasil, Fran\u00e7a<\/p>\n<p>PARASITA. 7 de novembro de 2019 \/ 2h 12min \/ Suspense<br \/>\nDire\u00e7\u00e3o: Bong Joon Ho<br \/>\nElenco: Song Kang-Ho, Woo-sik Choi, Park So-Dam<br \/>\nNacionalidade Cor\u00e9ia do Sul<\/p>\n<p style=\"text-align: left\" align=\"center\"><strong><i>BIBLIOGRAFIA INDICADA:<\/i><\/strong><\/p>\n<p>ADORNO, Theodor. HORKHEIMER, Max. Dial\u00e9tica do esclarecimento: fragmentos filos\u00f3ficos (cap\u00edtulo \u201c ind\u00fastria cultural: o esclarecimento como mistifica\u00e7\u00e3o das massas). Rio de Janeiro: Zahar, 1985.<\/p>\n<p>BERNJAMIM, Walter. A obra de arte na era da reprodutibilidade t\u00e9cnica. Porto Alegre: L&amp;PM, 2013.<\/p>\n<p>CANDIDO, Antonio. Forma\u00e7\u00e3o da literatura brasileira: momentos decisivos. Rio de Janeiro: Ouro sobre Azul, 2014.<\/p>\n<p>DEBORD. Guy. A sociedade do espet\u00e1culo. Rio de Janeiro: Contraponto, 1997.<\/p>\n<p>FREDERICO, Celso. A arte no mundo dos homens: o itiner\u00e1rio de Luk\u00e1cs. S\u00e3o Paulo: Express\u00e3o Popular, 2013.<\/p>\n<p>LUK\u00c1CS. Georg. Para uma ontologia do ser social. Tomo II. Vol 14. Macei\u00f3: Coletivo Veredas, 2018.<\/p>\n<p>LUK\u00c1CS. Gyorgy. O romance hist\u00f3rico. S\u00e3o Paulo: Boitempo, 2011.<\/p>\n<p>VASSOLER, Fl\u00e1vio Ricardo. Dostoievski e a dial\u00e9tica: fetichismo da forma, utopia como conte\u00fado. S\u00e3o Paulo: Hedra, 2018.<\/p>\n<p>MANN. Thomas. O escritor e sua miss\u00e3o: Goethe, Dostoi\u00e9vski, Ibsen e outros. Rio de Janeiro: Zahar, 2011.<\/p>\n","protected":false},"excerpt":{"rendered":"<p>O Programa de P\u00f3s-Gradua\u00e7\u00e3o em Servi\u00e7o Social convida a comunidade acad\u00eamica para participar da live \u201cBacurau + Parasita: uma interpreta\u00e7\u00e3o \u00e0 luz da dial\u00e9tica da luta de classes\u201d, que ser\u00e1 conduzida pelo Prof.\u00ba Dr.\u00ba Jamerson de Souza no pr\u00f3ximo dia 11 de junho de 2020, a partir das 15h00, na plataforma Google Meet. Para garantir <a class=\"leiamais\" href=\"https:\/\/pos-graduacao.uepb.edu.br\/ppgss\/ppgss-promove-debate-sobre-os-filmes-bacurau-e-parasita\/\">Leia Mais&#8230;<\/a><\/p>\n","protected":false},"author":57,"featured_media":0,"comment_status":"open","ping_status":"open","sticky":false,"template":"","format":"standard","meta":{"footnotes":""},"categories":[5,13],"tags":[],"class_list":["post-1073","post","type-post","status-publish","format-standard","hentry","category-noticias","category-noticias-destaque"],"_links":{"self":[{"href":"https:\/\/pos-graduacao.uepb.edu.br\/ppgss\/wp-json\/wp\/v2\/posts\/1073","targetHints":{"allow":["GET"]}}],"collection":[{"href":"https:\/\/pos-graduacao.uepb.edu.br\/ppgss\/wp-json\/wp\/v2\/posts"}],"about":[{"href":"https:\/\/pos-graduacao.uepb.edu.br\/ppgss\/wp-json\/wp\/v2\/types\/post"}],"author":[{"embeddable":true,"href":"https:\/\/pos-graduacao.uepb.edu.br\/ppgss\/wp-json\/wp\/v2\/users\/57"}],"replies":[{"embeddable":true,"href":"https:\/\/pos-graduacao.uepb.edu.br\/ppgss\/wp-json\/wp\/v2\/comments?post=1073"}],"version-history":[{"count":6,"href":"https:\/\/pos-graduacao.uepb.edu.br\/ppgss\/wp-json\/wp\/v2\/posts\/1073\/revisions"}],"predecessor-version":[{"id":1080,"href":"https:\/\/pos-graduacao.uepb.edu.br\/ppgss\/wp-json\/wp\/v2\/posts\/1073\/revisions\/1080"}],"wp:attachment":[{"href":"https:\/\/pos-graduacao.uepb.edu.br\/ppgss\/wp-json\/wp\/v2\/media?parent=1073"}],"wp:term":[{"taxonomy":"category","embeddable":true,"href":"https:\/\/pos-graduacao.uepb.edu.br\/ppgss\/wp-json\/wp\/v2\/categories?post=1073"},{"taxonomy":"post_tag","embeddable":true,"href":"https:\/\/pos-graduacao.uepb.edu.br\/ppgss\/wp-json\/wp\/v2\/tags?post=1073"}],"curies":[{"name":"wp","href":"https:\/\/api.w.org\/{rel}","templated":true}]}}