{"id":4721,"date":"2026-04-28T15:47:15","date_gmt":"2026-04-28T15:47:15","guid":{"rendered":"https:\/\/pos-graduacao.uepb.edu.br\/ppgri\/?p=4721"},"modified":"2026-04-28T15:47:15","modified_gmt":"2026-04-28T15:47:15","slug":"convite-lancamento-do-livro-isla-autoritarismo-e-subdesenvolvimento-uma-comparacao-global-e-historica","status":"publish","type":"post","link":"https:\/\/pos-graduacao.uepb.edu.br\/ppgri\/convite-lancamento-do-livro-isla-autoritarismo-e-subdesenvolvimento-uma-comparacao-global-e-historica\/","title":{"rendered":"Convite | Lan\u00e7amento do livro Isl\u00e3, Autoritarismo e Subdesenvolvimento: Uma Compara\u00e7\u00e3o Global e Hist\u00f3rica"},"content":{"rendered":"<p>O Centro de Estudos em Pol\u00edtica, Rela\u00e7\u00f5es Internacionais e Religi\u00e3o (CEPRIR) e o Programa de P\u00f3s-gradua\u00e7\u00e3o em Rela\u00e7\u00f5es Internacionais da Universidade Estadual da Para\u00edba (PPGRI UEPB) convidam para a mesa-redonda de lan\u00e7amento do livro Isl\u00e3, Autoritarismo e Subdesenvolvimento: Uma Compara\u00e7\u00e3o Global e Hist\u00f3rica, com a presen\u00e7a do autor, o Prof. Dr. Ahmet T. Kuru (San Diego State University).<\/p>\n<p>Muitos pa\u00edses de maioria mu\u00e7ulmana t\u00eam enfrentado problemas de autoritarismo e subdesenvolvimento. Ahmet Kuru examina essas quest\u00f5es em seu livro premiado Islam, Authoritarianism, and Underdevelopment (publicado no Brasil como Isl\u00e3, Autoritarismo e Subdesenvolvimento). Ele desafia as explica\u00e7\u00f5es que atribuem esses problemas ao Isl\u00e3, mostrando como as sociedades mu\u00e7ulmanas vivenciaram uma era de ouro da filosofia e do desenvolvimento econ\u00f4mico entre os s\u00e9culos VIII e XI. Kuru tamb\u00e9m argumenta que culpar apenas o colonialismo ocidental \u00e9 equivocado. Em vez disso, ele explica como a alian\u00e7a de longa data entre autoridades religiosas e pol\u00edticas, a alian\u00e7a entre ulem\u00e1s e Estado, marginalizou empreendedores econ\u00f4micos e intelectuais, prejudicando, assim, a democracia e o desenvolvimento no mundo mu\u00e7ulmano.<\/p>\n<p>O evento ocorrer\u00e1 no dia <strong>16 de junho de 2026<\/strong> e contar\u00e1 com a confer\u00eancia do autor, professor Ahmet Kuru, seguida de uma mesa de debate composta pelos professores F\u00e1bio Nobre (PPGRI UEPB \/ CEPRIR) e Marcos Alan Ferreira (PPGCPRI UFPB \/ CEPRIR).<\/p>\n<p>Ahmet T. Kuru \u00e9 professor de Ci\u00eancia Pol\u00edtica e diretor do Centro de Estudos Isl\u00e2micos e \u00c1rabes da San Diego State University. \u00c9 autor de Secularism and State Policies toward Religion: The United States, France, and Turkey (Cambridge University Press). Seu livro mais recente, Islam, Authoritarianism, and Underdevelopment: A Global and Historical Comparison (Cambridge University Press), recebeu tr\u00eas pr\u00eamios, foi inclu\u00eddo na lista de &#8220;Livros do Ano&#8221; do Times Literary Supplement e foi traduzido para quinze idiomas \u2014 mais recentemente para o portugu\u00eas, no Brasil. Seu pr\u00f3ximo livro, God and the People: The Religio-Populist Alliance and the Crisis of Liberal Democracy, ser\u00e1 publicado em 2027.<\/p>\n<p>Data: <strong>16 de junho de 2026<\/strong><br \/>\nHor\u00e1rio: <strong>10h<\/strong><\/p>\n<p>Haver\u00e1 emiss\u00e3o de certificado de presen\u00e7a, mediante inscri\u00e7\u00e3o atrav\u00e9s do seguinte formul\u00e1rio:<a href=\"https:\/\/docs.google.com\/forms\/d\/e\/1FAIpQLSf0LiJo8Nzy2YlZxxosQ6BEsI3JpaG0pnd3hM4AvD7TYcRKQw\/viewform?pli=1\"> https:\/\/forms.gle\/iQ9uHTWC2WLWNxwY9<\/a><\/p>\n<p>&nbsp;<\/p>\n<p><a href=\"https:\/\/pos-graduacao.uepb.edu.br\/ppgri\/files\/2026\/04\/WhatsApp-Image-2026-04-28-at-10.33.56.jpeg\"><img loading=\"lazy\" decoding=\"async\" class=\"alignnone size-medium wp-image-4724 img-responsive\" src=\"https:\/\/pos-graduacao.uepb.edu.br\/ppgri\/files\/2026\/04\/WhatsApp-Image-2026-04-28-at-10.33.56-240x300.jpeg\" alt=\"\" width=\"240\" height=\"300\" srcset=\"https:\/\/pos-graduacao.uepb.edu.br\/ppgri\/files\/2026\/04\/WhatsApp-Image-2026-04-28-at-10.33.56-240x300.jpeg 240w, https:\/\/pos-graduacao.uepb.edu.br\/ppgri\/files\/2026\/04\/WhatsApp-Image-2026-04-28-at-10.33.56-1229x1536.jpeg 1229w, https:\/\/pos-graduacao.uepb.edu.br\/ppgri\/files\/2026\/04\/WhatsApp-Image-2026-04-28-at-10.33.56-637x796.jpeg 637w, https:\/\/pos-graduacao.uepb.edu.br\/ppgri\/files\/2026\/04\/WhatsApp-Image-2026-04-28-at-10.33.56.jpeg 1280w\" sizes=\"auto, (max-width: 240px) 100vw, 240px\" \/><\/a><\/p>\n<p>&nbsp;<\/p>\n","protected":false},"excerpt":{"rendered":"<p>O Centro de Estudos em Pol\u00edtica, Rela\u00e7\u00f5es Internacionais e Religi\u00e3o (CEPRIR) e o Programa de P\u00f3s-gradua\u00e7\u00e3o em Rela\u00e7\u00f5es Internacionais da Universidade Estadual da Para\u00edba (PPGRI UEPB) convidam para a mesa-redonda de lan\u00e7amento do livro Isl\u00e3, Autoritarismo e Subdesenvolvimento: Uma Compara\u00e7\u00e3o Global e Hist\u00f3rica, com a presen\u00e7a do autor, o Prof. Dr. Ahmet T. Kuru (San <a class=\"leiamais\" href=\"https:\/\/pos-graduacao.uepb.edu.br\/ppgri\/convite-lancamento-do-livro-isla-autoritarismo-e-subdesenvolvimento-uma-comparacao-global-e-historica\/\">Leia Mais&#8230;<\/a><\/p>\n","protected":false},"author":33,"featured_media":0,"comment_status":"open","ping_status":"open","sticky":false,"template":"","format":"standard","meta":{"footnotes":""},"categories":[3],"tags":[],"class_list":["post-4721","post","type-post","status-publish","format-standard","hentry","category-noticias"],"_links":{"self":[{"href":"https:\/\/pos-graduacao.uepb.edu.br\/ppgri\/wp-json\/wp\/v2\/posts\/4721","targetHints":{"allow":["GET"]}}],"collection":[{"href":"https:\/\/pos-graduacao.uepb.edu.br\/ppgri\/wp-json\/wp\/v2\/posts"}],"about":[{"href":"https:\/\/pos-graduacao.uepb.edu.br\/ppgri\/wp-json\/wp\/v2\/types\/post"}],"author":[{"embeddable":true,"href":"https:\/\/pos-graduacao.uepb.edu.br\/ppgri\/wp-json\/wp\/v2\/users\/33"}],"replies":[{"embeddable":true,"href":"https:\/\/pos-graduacao.uepb.edu.br\/ppgri\/wp-json\/wp\/v2\/comments?post=4721"}],"version-history":[{"count":2,"href":"https:\/\/pos-graduacao.uepb.edu.br\/ppgri\/wp-json\/wp\/v2\/posts\/4721\/revisions"}],"predecessor-version":[{"id":4725,"href":"https:\/\/pos-graduacao.uepb.edu.br\/ppgri\/wp-json\/wp\/v2\/posts\/4721\/revisions\/4725"}],"wp:attachment":[{"href":"https:\/\/pos-graduacao.uepb.edu.br\/ppgri\/wp-json\/wp\/v2\/media?parent=4721"}],"wp:term":[{"taxonomy":"category","embeddable":true,"href":"https:\/\/pos-graduacao.uepb.edu.br\/ppgri\/wp-json\/wp\/v2\/categories?post=4721"},{"taxonomy":"post_tag","embeddable":true,"href":"https:\/\/pos-graduacao.uepb.edu.br\/ppgri\/wp-json\/wp\/v2\/tags?post=4721"}],"curies":[{"name":"wp","href":"https:\/\/api.w.org\/{rel}","templated":true}]}}