{"id":4717,"date":"2026-04-28T13:31:27","date_gmt":"2026-04-28T13:31:27","guid":{"rendered":"https:\/\/pos-graduacao.uepb.edu.br\/ppgri\/?p=4717"},"modified":"2026-04-28T13:31:27","modified_gmt":"2026-04-28T13:31:27","slug":"palestra-online-o-outro-lado-da-historia-mulheres-na-segunda-guerra-mundial","status":"publish","type":"post","link":"https:\/\/pos-graduacao.uepb.edu.br\/ppgri\/palestra-online-o-outro-lado-da-historia-mulheres-na-segunda-guerra-mundial\/","title":{"rendered":"Palestra online: O outro lado da hist\u00f3ria: Mulheres na Segunda Guerra Mundial"},"content":{"rendered":"<p>A curadoria de Migra\u00e7\u00f5es e Direitos Humanos, do Centro de Estudos Avan\u00e7ados da Coordena\u00e7\u00e3o de Estudos de Futuro (CEA\/UFPE), convida para a comunica\u00e7\u00e3o: O outro lado da hist\u00f3ria: Mulheres na Segunda Guerra Mundial.<\/p>\n<p>\ud83d\udccd Data: 07\/05\/2026 \u23f0 Hor\u00e1rio: 19H<\/p>\n<p>A presente comunica\u00e7\u00e3o tem como objetivo abordar o anonimato hist\u00f3rico das mulheres no conflito, desafiando narrativas tradicionais dominadas por figuras masculinas e destacando-as como agentes ativas, resistentes e, por vezes, c\u00famplices, al\u00e9m de criticar o sil\u00eancio imposto por estruturas patriarcais e traumas p\u00f3s-guerra, propondo uma vis\u00e3o inclusiva via estudos de g\u00eanero.<\/p>\n<p>As palestrantes ser\u00e3o Let\u00edcia Martins Calheiros, Doutoranda em Hist\u00f3ria (PPGHIS &#8211; UFES), membro do Laborat\u00f3rio de Estudos do Movimento Migrat\u00f3rio (LEMM) e Julia Benfica, Doutora em Hist\u00f3ria pela Universidade Federal Rural do Rio de Janeiro (UFRRJ).<\/p>\n<p>A palestra ser\u00e1 transmitida pelo Youtube (Coordenadoria de Estudos de Futuro &#8211; CEA UFPE) e contar\u00e1 com lista de presen\u00e7a e certifica\u00e7\u00e3o para ouvintes inscritos.<\/p>\n<p>\ud83d\udd17:<a href=\"https:\/\/forms.gle\/PWWj6QGcUNgDcqbP7\"> https:\/\/forms.gle\/PWWj6QGcUNgDcqbP7<\/a><\/p>\n<p>&nbsp;<\/p>\n<p><a href=\"https:\/\/pos-graduacao.uepb.edu.br\/ppgri\/files\/2026\/04\/WhatsApp-Image-2026-04-28-at-09.20.21.jpeg\"><img loading=\"lazy\" decoding=\"async\" class=\"alignnone wp-image-4718 img-responsive\" src=\"https:\/\/pos-graduacao.uepb.edu.br\/ppgri\/files\/2026\/04\/WhatsApp-Image-2026-04-28-at-09.20.21-240x300.jpeg\" alt=\"\" width=\"283\" height=\"354\" srcset=\"https:\/\/pos-graduacao.uepb.edu.br\/ppgri\/files\/2026\/04\/WhatsApp-Image-2026-04-28-at-09.20.21-240x300.jpeg 240w, https:\/\/pos-graduacao.uepb.edu.br\/ppgri\/files\/2026\/04\/WhatsApp-Image-2026-04-28-at-09.20.21-637x796.jpeg 637w, https:\/\/pos-graduacao.uepb.edu.br\/ppgri\/files\/2026\/04\/WhatsApp-Image-2026-04-28-at-09.20.21.jpeg 1080w\" sizes=\"auto, (max-width: 283px) 100vw, 283px\" \/><\/a><\/p>\n<p>&nbsp;<\/p>\n<p>&nbsp;<\/p>\n<p>&nbsp;<\/p>\n","protected":false},"excerpt":{"rendered":"<p>A curadoria de Migra\u00e7\u00f5es e Direitos Humanos, do Centro de Estudos Avan\u00e7ados da Coordena\u00e7\u00e3o de Estudos de Futuro (CEA\/UFPE), convida para a comunica\u00e7\u00e3o: O outro lado da hist\u00f3ria: Mulheres na Segunda Guerra Mundial. \ud83d\udccd Data: 07\/05\/2026 \u23f0 Hor\u00e1rio: 19H A presente comunica\u00e7\u00e3o tem como objetivo abordar o anonimato hist\u00f3rico das mulheres no conflito, desafiando narrativas <a class=\"leiamais\" href=\"https:\/\/pos-graduacao.uepb.edu.br\/ppgri\/palestra-online-o-outro-lado-da-historia-mulheres-na-segunda-guerra-mundial\/\">Leia Mais&#8230;<\/a><\/p>\n","protected":false},"author":33,"featured_media":0,"comment_status":"open","ping_status":"open","sticky":false,"template":"","format":"standard","meta":{"footnotes":""},"categories":[3],"tags":[],"class_list":["post-4717","post","type-post","status-publish","format-standard","hentry","category-noticias"],"_links":{"self":[{"href":"https:\/\/pos-graduacao.uepb.edu.br\/ppgri\/wp-json\/wp\/v2\/posts\/4717","targetHints":{"allow":["GET"]}}],"collection":[{"href":"https:\/\/pos-graduacao.uepb.edu.br\/ppgri\/wp-json\/wp\/v2\/posts"}],"about":[{"href":"https:\/\/pos-graduacao.uepb.edu.br\/ppgri\/wp-json\/wp\/v2\/types\/post"}],"author":[{"embeddable":true,"href":"https:\/\/pos-graduacao.uepb.edu.br\/ppgri\/wp-json\/wp\/v2\/users\/33"}],"replies":[{"embeddable":true,"href":"https:\/\/pos-graduacao.uepb.edu.br\/ppgri\/wp-json\/wp\/v2\/comments?post=4717"}],"version-history":[{"count":1,"href":"https:\/\/pos-graduacao.uepb.edu.br\/ppgri\/wp-json\/wp\/v2\/posts\/4717\/revisions"}],"predecessor-version":[{"id":4719,"href":"https:\/\/pos-graduacao.uepb.edu.br\/ppgri\/wp-json\/wp\/v2\/posts\/4717\/revisions\/4719"}],"wp:attachment":[{"href":"https:\/\/pos-graduacao.uepb.edu.br\/ppgri\/wp-json\/wp\/v2\/media?parent=4717"}],"wp:term":[{"taxonomy":"category","embeddable":true,"href":"https:\/\/pos-graduacao.uepb.edu.br\/ppgri\/wp-json\/wp\/v2\/categories?post=4717"},{"taxonomy":"post_tag","embeddable":true,"href":"https:\/\/pos-graduacao.uepb.edu.br\/ppgri\/wp-json\/wp\/v2\/tags?post=4717"}],"curies":[{"name":"wp","href":"https:\/\/api.w.org\/{rel}","templated":true}]}}