{"id":4706,"date":"2026-04-23T10:35:01","date_gmt":"2026-04-23T10:35:01","guid":{"rendered":"https:\/\/pos-graduacao.uepb.edu.br\/ppgri\/?p=4706"},"modified":"2026-04-23T10:49:11","modified_gmt":"2026-04-23T10:49:11","slug":"minicurso-politica-internacional-das-drogas-da-emergencia-a-consolidacao-do-proibicionismo-global","status":"publish","type":"post","link":"https:\/\/pos-graduacao.uepb.edu.br\/ppgri\/minicurso-politica-internacional-das-drogas-da-emergencia-a-consolidacao-do-proibicionismo-global\/","title":{"rendered":"Minicurso &#8220;Pol\u00edtica Internacional das Drogas: da emerg\u00eancia \u00e0 consolida\u00e7\u00e3o do proibicionismo global&#8221;"},"content":{"rendered":"<p><strong>Minicurso &#8220;Pol\u00edtica Internacional das Drogas: da emerg\u00eancia \u00e0 consolida\u00e7\u00e3o do proibicionismo global&#8221;<\/strong><\/p>\n<p>Luan do Nascimento Silva \u00e9 P\u00f3s-doutorando no Programa de P\u00f3s-Gradua\u00e7\u00e3o em Rela\u00e7\u00f5es Internacionais da Universidade Estadual da Para\u00edba (PPGRI\/UEPB). Doutor pelo Instituto de Rela\u00e7\u00f5es Internacionais da Pontif\u00edcia Universidade Cat\u00f3lica do Rio de Janeiro (IRI\/PUC-Rio), com est\u00e1gio de pesquisa no Centro de Estudos Sociais da Universidade de Coimbra (CES\/UC, Portugal). Atualmente investiga narcorreligi\u00e3o, viol\u00eancia e criminalidade; e regula\u00e7\u00e3o das drogas, (anti-)proibicionismo e controle social.<\/p>\n<p>Como a categoria &#8220;drogas&#8221; se tornou um dispositivo de poder nas Rela\u00e7\u00f5es Internacionais?<br \/>\n\ud83d\udccc Uma introdu\u00e7\u00e3o cr\u00edtica ao regime proibicionista global: disputas hist\u00f3ricas; primeiras conven\u00e7\u00f5es internacionais; securitiza\u00e7\u00e3o do tema no s\u00e9culo XX; o Brasil como laborat\u00f3rio social de pol\u00edticas de drogas.<\/p>\n<p>\ud83d\udcc5 Datas: 21, 22, 28 e 29\/05\/2026 (sempre \u00e0s 14h)<br \/>\n\u23f1\ufe0f Carga hor\u00e1ria: 8h (4 encontros)<br \/>\n\ud83d\udccd Local: Sala Mandacaru \u2013 Campus V<br \/>\n\u2705 15 vagas: discentes do PPGRI\/UEPB (vagas remanescentes abertas ao p\u00fablico geral)<\/p>\n<p><a href=\"https:\/\/pos-graduacao.uepb.edu.br\/ppgri\/download\/minicurso-politica-internacional-das-drogas-da-emergencia-a-consolidacao-do-proibicionismo-global\/?wpdmdl=4711&amp;masterkey=OlkjPuKDs1T4gjRRgDWjY90DBWaCqUCxslvKSPo3oQA9ULfHwT_evkSsuFbFfqoSlFQUxoWTjf3d3YV2zdEuaU7QBzonC8_l8rbTKYR11xJ4\">Ementa<\/a><\/p>\n<p>\ud83d\udd17 Inscri\u00e7\u00f5es: <a href=\"https:\/\/forms.gle\/5YYCn7TzyqsSeuir8\">https:\/\/forms.gle\/5YYCn7TzyqsSeuir8<\/a><\/p>\n<p><a href=\"https:\/\/pos-graduacao.uepb.edu.br\/ppgri\/files\/2026\/04\/WhatsApp-Image-2026-04-22-at-18.02.06.jpeg\"><img loading=\"lazy\" decoding=\"async\" class=\"alignnone wp-image-4707 img-responsive\" src=\"https:\/\/pos-graduacao.uepb.edu.br\/ppgri\/files\/2026\/04\/WhatsApp-Image-2026-04-22-at-18.02.06-300x300.jpeg\" alt=\"\" width=\"488\" height=\"488\" srcset=\"https:\/\/pos-graduacao.uepb.edu.br\/ppgri\/files\/2026\/04\/WhatsApp-Image-2026-04-22-at-18.02.06-300x300.jpeg 300w, https:\/\/pos-graduacao.uepb.edu.br\/ppgri\/files\/2026\/04\/WhatsApp-Image-2026-04-22-at-18.02.06-796x796.jpeg 796w, https:\/\/pos-graduacao.uepb.edu.br\/ppgri\/files\/2026\/04\/WhatsApp-Image-2026-04-22-at-18.02.06.jpeg 1200w\" sizes=\"auto, (max-width: 488px) 100vw, 488px\" \/><\/a><\/p>\n<p>&nbsp;<\/p>\n","protected":false},"excerpt":{"rendered":"<p>Minicurso &#8220;Pol\u00edtica Internacional das Drogas: da emerg\u00eancia \u00e0 consolida\u00e7\u00e3o do proibicionismo global&#8221; Luan do Nascimento Silva \u00e9 P\u00f3s-doutorando no Programa de P\u00f3s-Gradua\u00e7\u00e3o em Rela\u00e7\u00f5es Internacionais da Universidade Estadual da Para\u00edba (PPGRI\/UEPB). Doutor pelo Instituto de Rela\u00e7\u00f5es Internacionais da Pontif\u00edcia Universidade Cat\u00f3lica do Rio de Janeiro (IRI\/PUC-Rio), com est\u00e1gio de pesquisa no Centro de Estudos Sociais <a class=\"leiamais\" href=\"https:\/\/pos-graduacao.uepb.edu.br\/ppgri\/minicurso-politica-internacional-das-drogas-da-emergencia-a-consolidacao-do-proibicionismo-global\/\">Leia Mais&#8230;<\/a><\/p>\n","protected":false},"author":33,"featured_media":0,"comment_status":"open","ping_status":"open","sticky":false,"template":"","format":"standard","meta":{"footnotes":""},"categories":[3],"tags":[],"class_list":["post-4706","post","type-post","status-publish","format-standard","hentry","category-noticias"],"_links":{"self":[{"href":"https:\/\/pos-graduacao.uepb.edu.br\/ppgri\/wp-json\/wp\/v2\/posts\/4706","targetHints":{"allow":["GET"]}}],"collection":[{"href":"https:\/\/pos-graduacao.uepb.edu.br\/ppgri\/wp-json\/wp\/v2\/posts"}],"about":[{"href":"https:\/\/pos-graduacao.uepb.edu.br\/ppgri\/wp-json\/wp\/v2\/types\/post"}],"author":[{"embeddable":true,"href":"https:\/\/pos-graduacao.uepb.edu.br\/ppgri\/wp-json\/wp\/v2\/users\/33"}],"replies":[{"embeddable":true,"href":"https:\/\/pos-graduacao.uepb.edu.br\/ppgri\/wp-json\/wp\/v2\/comments?post=4706"}],"version-history":[{"count":4,"href":"https:\/\/pos-graduacao.uepb.edu.br\/ppgri\/wp-json\/wp\/v2\/posts\/4706\/revisions"}],"predecessor-version":[{"id":4712,"href":"https:\/\/pos-graduacao.uepb.edu.br\/ppgri\/wp-json\/wp\/v2\/posts\/4706\/revisions\/4712"}],"wp:attachment":[{"href":"https:\/\/pos-graduacao.uepb.edu.br\/ppgri\/wp-json\/wp\/v2\/media?parent=4706"}],"wp:term":[{"taxonomy":"category","embeddable":true,"href":"https:\/\/pos-graduacao.uepb.edu.br\/ppgri\/wp-json\/wp\/v2\/categories?post=4706"},{"taxonomy":"post_tag","embeddable":true,"href":"https:\/\/pos-graduacao.uepb.edu.br\/ppgri\/wp-json\/wp\/v2\/tags?post=4706"}],"curies":[{"name":"wp","href":"https:\/\/api.w.org\/{rel}","templated":true}]}}